{"id":913,"date":"2021-09-01T09:39:00","date_gmt":"2021-09-01T12:39:00","guid":{"rendered":"https:\/\/unsedri.com\/?p=913"},"modified":"2025-02-04T14:27:56","modified_gmt":"2025-02-04T17:27:56","slug":"conferencia-educacion-virtual-y-modelos-hibridos","status":"publish","type":"post","link":"https:\/\/dri.unse.edu.ar\/?p=913","title":{"rendered":"Conferencia: Educaci\u00f3n Virtual y Modelos H\u00edbridos"},"content":{"rendered":"<h2><\/h2>\n<h4>Conferencia: Educaci\u00f3n Virtual y Modelos H\u00edbridos<\/h4>\n<h5>Sesi\u00f3n informativa de la Maestr\u00eda en Gesti\u00f3n de Instituciones Educativas Virtuales<\/h5>\n<p><a href=\"https:\/\/3wy1j.r.a.d.sendibm1.com\/mk\/cl\/f\/g48Xttujszen9hJHtWqAXMNzefz1FHH291A37Ta-vJlIokqsrjyPGS-M-M_1f22-0qmk0f9BvDO3INylgs4CmQMR3SXEqLeh_MyEbcBVJMiTH-TXddQV5M0rryGp_53K0GqpirNdwxGHKCe7NSboWWdBi9K6Rb13iNUy6qqj7LkccoRdqykqVRlnECaPC8Sjcj_SOFfVanOovA7zFfyxtsqDrfKj_sBT820c83qpHwA4VgNBC_hGNo7YWA0K02AlNTVhjiXlCE68bZEsvKIhnv2QYZ5HYFMI5tyajFrVlUa1hFwV5t_PpwU4ud_zyHnUIXsX-FoVb4dpgs9FSBC-iLxdECXg763MZsqgMfeu2dpxr8DLKx4RwjZ2_WmiRjwE-EHbTElbr93XQZtP-LRLTKiXY6YiPUsBd2qYE-fsFs8XqZ4cckqXJ7rUW5y1gDnzFHhJc3YwrfQHAJCIseJfuwWpfUlyBimjnR3T2W2bOG5y9UjLRao0wtVxO9BCZ8yjzXWEXMyU8cyYni2Uj2Ke0nyTzXjwN5D7qPfo\" target=\"_blank\" rel=\"nofollow noopener noreferrer\"><br \/>\n<\/a><\/p>\n<p style=\"text-align: center;\">La Uni\u00f3n de Universidades de Am\u00e9rica Latina y el Caribe (<a href=\"https:\/\/3wy1j.r.a.d.sendibm1.com\/mk\/cl\/f\/7GQ9s10CrUr4BTIBzMv862A7gfXtpGW2AqgnNiFDccqphmRJDsD8X17sePAkmDV0o8I6ee9w5OuVcYpooRQFLNKd5bGQwalBz--uR8SQsfx-k-XT4TZZY3UjgmVOGwg0Qw1u3knYM47-C-jiX9te5YS_-AEFJo7lKg\">UDUAL<\/a>), el Espacio Com\u00fan de Educaci\u00f3n Superior en L\u00ednea (<a href=\"https:\/\/3wy1j.r.a.d.sendibm1.com\/mk\/cl\/f\/J66_KLUPxeENvWzlXb9ivSnQ-2yLpH7apob3oNcsOC_Zsa4tmEWUyz7YYccfOHTk8y9FiouC9UjF6kZt0DsCHOjMLjATt6_2sAhc9UG5aD0K5eXpavXzvgPIk3C86mQU7X-3_BAkWhOFst-p4OQwvXp_jNMGvG8Xg7AsbCc-VhoB\">ECESELI<\/a>) y la Universidad Abierta para Adultos (<a href=\"https:\/\/3wy1j.r.a.d.sendibm1.com\/mk\/cl\/f\/rKHGC6OPttlQVMbQAqgazwmQ0y_itrg0dHPnm2DyjRHAIlYvXzDQPw25AUTR1PpGEnLHyWn4g3fKEpT0fgfiyL0iuKOtrxPLQripTeR7-1kG2UDJm9YA9ss2O_KcO9PI24aSADjwvsINXwP_8AYgvis5JCliJv7DuXpumdgIoQ\">UAPA<\/a>) tienen el agrado de invitarle al webinar:<\/p>\n<p style=\"text-align: center;\"><strong>&#8220;Educaci\u00f3n Virtual y Modelos H\u00edbridos&#8221;<\/strong><\/p>\n<p style=\"text-align: center;\">\u00a0Fecha<\/p>\n<p style=\"text-align: center;\"><strong>Mi\u00e9rcoles 8 de septiembre de 2021<\/strong><\/p>\n<p style=\"text-align: center;\">Imparte<\/p>\n<p style=\"text-align: center;\"><strong>Mtro. Manuel Moreno Casta\u00f1eda<\/strong><\/p>\n<p style=\"text-align: center;\">Horarios:<\/p>\n<p style=\"text-align: center;\">16:00 hrs (Bogot\u00e1, Lima, Ciudad de M\u00e9xico)<\/p>\n<p style=\"text-align: center;\">17:00 hrs (Caribe)<\/p>\n<p style=\"text-align: center;\">Revise su horario local<\/p>\n<p style=\"text-align: center;\"><strong><a href=\"https:\/\/3wy1j.r.a.d.sendibm1.com\/mk\/cl\/f\/3TSsPDpNXqjkx9h2abTOkhPUp3OQVgk7UFIAsG7flLO7JxecWATt2v0FvfHcyuFLkyHGKiSMMYkXoWA7FqZUItfL5ZASa_9AriquYm0y65kpbHMuYM2wrdaI1clf33R-WQnfJujBTWrJGB8Lxh-KtVXewcDnCwzKgQFvG56I32XkOUuEkNm6Sx7cRC30EJkny_MCFpmW9lYgY3Nc_ZOe9T08hql45NiVmC-_o6uD_t7FjsEnw-I1p3bhD3QpXd7wwCiiTE_P9fbZT6ePOFn-xzXejVfG_NGoHNlpTNDCxV5MIFifXKNwFGfjdWkVNQKMAnUwqMM9tmOJeNeETFFo8sKTk32U0hZVdAa2LapXUOfixuzwheY3jVaBNHqo0QytqceTnQDDyuHfA7-8UwsKFpLi4g-xCcDtIrxVMnA_DwgVRY5ECSVD5sa3NrAqD5dYGel9kTXR3SdnKu9m0fwJSWpUC3fIc-rtCOhi2pC4GQgSoOyPGz_d1004kXcGGdaUdz8SxQXAtlnrJF7NMnvz8T12KjoXse_3fXR9\">Registro<\/a><\/strong><\/p>\n<p style=\"text-align: center;\"><em>Acceso p\u00fablico y gratuito, pero requiere registro de asistencia<\/em><\/p>\n<p><a role=\"button\" href=\"#top\">\u00a0<\/a><\/p>\n","protected":false},"excerpt":{"rendered":"<p>La Uni\u00f3n de Universidades de Am\u00e9rica Latina y el Caribe (UDUAL), el Espacio Com\u00fan de Educaci\u00f3n Superior en L\u00ednea (ECESELI) y la Universidad Abierta para Adultos (UAPA) tienen el agrado de invitarle al webinar:<br \/>\n &#8220;Educaci\u00f3n Virtual y Modelos H\u00edbridos&#8221;<\/p>\n","protected":false},"author":1,"featured_media":914,"comment_status":"open","ping_status":"open","sticky":false,"template":"","format":"standard","meta":{"_et_pb_use_builder":"","_et_pb_old_content":"","_et_gb_content_width":"","footnotes":""},"categories":[1],"tags":[],"class_list":["post-913","post","type-post","status-publish","format-standard","has-post-thumbnail","hentry","category-sin-categoria"],"yoast_head":"<!-- This site is optimized with the Yoast SEO plugin v23.7 - https:\/\/yoast.com\/wordpress\/plugins\/seo\/ -->\n<title>Conferencia: Educaci\u00f3n Virtual y Modelos H\u00edbridos - Relaciones Internacionales UNSE<\/title>\n<meta name=\"description\" content=\"La Uni\u00f3n de Universidades de Am\u00e9rica Latina y el Caribe (UDUAL), el Espacio Com\u00fan de Educaci\u00f3n Superior en L\u00ednea (ECESELI) y la Universidad Abierta para Adultos (UAPA) tienen el agrado de invitarle al webinar: &quot;Educaci\u00f3n Virtual y Modelos H\u00edbridos&quot;\" \/>\n<meta name=\"robots\" content=\"index, follow, max-snippet:-1, max-image-preview:large, max-video-preview:-1\" \/>\n<link rel=\"canonical\" href=\"https:\/\/dri.unse.edu.ar\/?p=913\" \/>\n<meta property=\"og:locale\" content=\"es_ES\" \/>\n<meta property=\"og:type\" content=\"article\" \/>\n<meta property=\"og:title\" content=\"Conferencia: Educaci\u00f3n Virtual y Modelos H\u00edbridos - Relaciones Internacionales UNSE\" \/>\n<meta property=\"og:description\" content=\"La Uni\u00f3n de Universidades de Am\u00e9rica Latina y el Caribe (UDUAL), el Espacio Com\u00fan de Educaci\u00f3n Superior en L\u00ednea (ECESELI) y la Universidad Abierta para Adultos (UAPA) tienen el agrado de invitarle al webinar: &quot;Educaci\u00f3n Virtual y Modelos H\u00edbridos&quot;\" \/>\n<meta property=\"og:url\" content=\"https:\/\/dri.unse.edu.ar\/?p=913\" \/>\n<meta property=\"og:site_name\" content=\"Relaciones Internacionales UNSE\" \/>\n<meta property=\"article:published_time\" content=\"2021-09-01T12:39:00+00:00\" \/>\n<meta property=\"article:modified_time\" content=\"2025-02-04T17:27:56+00:00\" \/>\n<meta property=\"og:image\" content=\"https:\/\/dri.unse.edu.ar\/wp-content\/uploads\/2021\/09\/coferencia-sept-pame.jpg\" \/>\n\t<meta property=\"og:image:width\" content=\"1080\" \/>\n\t<meta property=\"og:image:height\" content=\"1080\" \/>\n\t<meta property=\"og:image:type\" content=\"image\/jpeg\" \/>\n<meta name=\"author\" content=\"admin\" \/>\n<meta name=\"twitter:card\" content=\"summary_large_image\" \/>\n<meta name=\"twitter:label1\" content=\"Escrito por\" \/>\n\t<meta name=\"twitter:data1\" content=\"admin\" \/>\n\t<meta name=\"twitter:label2\" content=\"Tiempo de lectura\" \/>\n\t<meta name=\"twitter:data2\" content=\"3 minutos\" \/>\n<script type=\"application\/ld+json\" class=\"yoast-schema-graph\">{\"@context\":\"https:\/\/schema.org\",\"@graph\":[{\"@type\":\"Article\",\"@id\":\"https:\/\/dri.unse.edu.ar\/?p=913#article\",\"isPartOf\":{\"@id\":\"https:\/\/dri.unse.edu.ar\/?p=913\"},\"author\":{\"name\":\"admin\",\"@id\":\"https:\/\/dri.unse.edu.ar\/#\/schema\/person\/e88461562537ca530352f979aaf6b274\"},\"headline\":\"Conferencia: Educaci\u00f3n Virtual y Modelos H\u00edbridos\",\"datePublished\":\"2021-09-01T12:39:00+00:00\",\"dateModified\":\"2025-02-04T17:27:56+00:00\",\"mainEntityOfPage\":{\"@id\":\"https:\/\/dri.unse.edu.ar\/?p=913\"},\"wordCount\":113,\"commentCount\":0,\"publisher\":{\"@id\":\"https:\/\/dri.unse.edu.ar\/#organization\"},\"image\":{\"@id\":\"https:\/\/dri.unse.edu.ar\/?p=913#primaryimage\"},\"thumbnailUrl\":\"https:\/\/dri.unse.edu.ar\/wp-content\/uploads\/2021\/09\/coferencia-sept-pame.jpg\",\"inLanguage\":\"es-AR\",\"potentialAction\":[{\"@type\":\"CommentAction\",\"name\":\"Comment\",\"target\":[\"https:\/\/dri.unse.edu.ar\/?p=913#respond\"]}]},{\"@type\":\"WebPage\",\"@id\":\"https:\/\/dri.unse.edu.ar\/?p=913\",\"url\":\"https:\/\/dri.unse.edu.ar\/?p=913\",\"name\":\"Conferencia: Educaci\u00f3n Virtual y Modelos H\u00edbridos - Relaciones Internacionales UNSE\",\"isPartOf\":{\"@id\":\"https:\/\/dri.unse.edu.ar\/#website\"},\"primaryImageOfPage\":{\"@id\":\"https:\/\/dri.unse.edu.ar\/?p=913#primaryimage\"},\"image\":{\"@id\":\"https:\/\/dri.unse.edu.ar\/?p=913#primaryimage\"},\"thumbnailUrl\":\"https:\/\/dri.unse.edu.ar\/wp-content\/uploads\/2021\/09\/coferencia-sept-pame.jpg\",\"datePublished\":\"2021-09-01T12:39:00+00:00\",\"dateModified\":\"2025-02-04T17:27:56+00:00\",\"description\":\"La Uni\u00f3n de Universidades de Am\u00e9rica Latina y el Caribe (UDUAL), el Espacio Com\u00fan de Educaci\u00f3n Superior en L\u00ednea (ECESELI) y la Universidad Abierta para Adultos (UAPA) tienen el agrado de invitarle al webinar: \\\"Educaci\u00f3n Virtual y Modelos H\u00edbridos\\\"\",\"breadcrumb\":{\"@id\":\"https:\/\/dri.unse.edu.ar\/?p=913#breadcrumb\"},\"inLanguage\":\"es-AR\",\"potentialAction\":[{\"@type\":\"ReadAction\",\"target\":[\"https:\/\/dri.unse.edu.ar\/?p=913\"]}]},{\"@type\":\"ImageObject\",\"inLanguage\":\"es-AR\",\"@id\":\"https:\/\/dri.unse.edu.ar\/?p=913#primaryimage\",\"url\":\"https:\/\/dri.unse.edu.ar\/wp-content\/uploads\/2021\/09\/coferencia-sept-pame.jpg\",\"contentUrl\":\"https:\/\/dri.unse.edu.ar\/wp-content\/uploads\/2021\/09\/coferencia-sept-pame.jpg\",\"width\":1080,\"height\":1080},{\"@type\":\"BreadcrumbList\",\"@id\":\"https:\/\/dri.unse.edu.ar\/?p=913#breadcrumb\",\"itemListElement\":[{\"@type\":\"ListItem\",\"position\":1,\"name\":\"Inicio\",\"item\":\"https:\/\/dri.unse.edu.ar\/\"},{\"@type\":\"ListItem\",\"position\":2,\"name\":\"Conferencia: Educaci\u00f3n Virtual y Modelos H\u00edbridos\"}]},{\"@type\":\"WebSite\",\"@id\":\"https:\/\/dri.unse.edu.ar\/#website\",\"url\":\"https:\/\/dri.unse.edu.ar\/\",\"name\":\"Relaciones Internacionales UNSE\",\"description\":\"\",\"publisher\":{\"@id\":\"https:\/\/dri.unse.edu.ar\/#organization\"},\"potentialAction\":[{\"@type\":\"SearchAction\",\"target\":{\"@type\":\"EntryPoint\",\"urlTemplate\":\"https:\/\/dri.unse.edu.ar\/?s={search_term_string}\"},\"query-input\":{\"@type\":\"PropertyValueSpecification\",\"valueRequired\":true,\"valueName\":\"search_term_string\"}}],\"inLanguage\":\"es-AR\"},{\"@type\":\"Organization\",\"@id\":\"https:\/\/dri.unse.edu.ar\/#organization\",\"name\":\"Universidad Nacional de Santiago del Estero\",\"url\":\"https:\/\/dri.unse.edu.ar\/\",\"logo\":{\"@type\":\"ImageObject\",\"inLanguage\":\"es-AR\",\"@id\":\"https:\/\/dri.unse.edu.ar\/#\/schema\/logo\/image\/\",\"url\":\"https:\/\/dri.unse.edu.ar\/wp-content\/uploads\/2019\/03\/logo-3.png\",\"contentUrl\":\"https:\/\/dri.unse.edu.ar\/wp-content\/uploads\/2019\/03\/logo-3.png\",\"width\":816,\"height\":882,\"caption\":\"Universidad Nacional de Santiago del Estero\"},\"image\":{\"@id\":\"https:\/\/dri.unse.edu.ar\/#\/schema\/logo\/image\/\"}},{\"@type\":\"Person\",\"@id\":\"https:\/\/dri.unse.edu.ar\/#\/schema\/person\/e88461562537ca530352f979aaf6b274\",\"name\":\"admin\",\"image\":{\"@type\":\"ImageObject\",\"inLanguage\":\"es-AR\",\"@id\":\"https:\/\/dri.unse.edu.ar\/#\/schema\/person\/image\/\",\"url\":\"https:\/\/secure.gravatar.com\/avatar\/53147b1af535a81fd92a2bd6d97fb9b9?s=96&d=mm&r=g\",\"contentUrl\":\"https:\/\/secure.gravatar.com\/avatar\/53147b1af535a81fd92a2bd6d97fb9b9?s=96&d=mm&r=g\",\"caption\":\"admin\"}}]}<\/script>\n<!-- \/ Yoast SEO plugin. -->","yoast_head_json":{"title":"Conferencia: Educaci\u00f3n Virtual y Modelos H\u00edbridos - Relaciones Internacionales UNSE","description":"La Uni\u00f3n de Universidades de Am\u00e9rica Latina y el Caribe (UDUAL), el Espacio Com\u00fan de Educaci\u00f3n Superior en L\u00ednea (ECESELI) y la Universidad Abierta para Adultos (UAPA) tienen el agrado de invitarle al webinar: \"Educaci\u00f3n Virtual y Modelos H\u00edbridos\"","robots":{"index":"index","follow":"follow","max-snippet":"max-snippet:-1","max-image-preview":"max-image-preview:large","max-video-preview":"max-video-preview:-1"},"canonical":"https:\/\/dri.unse.edu.ar\/?p=913","og_locale":"es_ES","og_type":"article","og_title":"Conferencia: Educaci\u00f3n Virtual y Modelos H\u00edbridos - Relaciones Internacionales UNSE","og_description":"La Uni\u00f3n de Universidades de Am\u00e9rica Latina y el Caribe (UDUAL), el Espacio Com\u00fan de Educaci\u00f3n Superior en L\u00ednea (ECESELI) y la Universidad Abierta para Adultos (UAPA) tienen el agrado de invitarle al webinar: \"Educaci\u00f3n Virtual y Modelos H\u00edbridos\"","og_url":"https:\/\/dri.unse.edu.ar\/?p=913","og_site_name":"Relaciones Internacionales UNSE","article_published_time":"2021-09-01T12:39:00+00:00","article_modified_time":"2025-02-04T17:27:56+00:00","og_image":[{"width":1080,"height":1080,"url":"https:\/\/dri.unse.edu.ar\/wp-content\/uploads\/2021\/09\/coferencia-sept-pame.jpg","type":"image\/jpeg"}],"author":"admin","twitter_card":"summary_large_image","twitter_misc":{"Escrito por":"admin","Tiempo de lectura":"3 minutos"},"schema":{"@context":"https:\/\/schema.org","@graph":[{"@type":"Article","@id":"https:\/\/dri.unse.edu.ar\/?p=913#article","isPartOf":{"@id":"https:\/\/dri.unse.edu.ar\/?p=913"},"author":{"name":"admin","@id":"https:\/\/dri.unse.edu.ar\/#\/schema\/person\/e88461562537ca530352f979aaf6b274"},"headline":"Conferencia: Educaci\u00f3n Virtual y Modelos H\u00edbridos","datePublished":"2021-09-01T12:39:00+00:00","dateModified":"2025-02-04T17:27:56+00:00","mainEntityOfPage":{"@id":"https:\/\/dri.unse.edu.ar\/?p=913"},"wordCount":113,"commentCount":0,"publisher":{"@id":"https:\/\/dri.unse.edu.ar\/#organization"},"image":{"@id":"https:\/\/dri.unse.edu.ar\/?p=913#primaryimage"},"thumbnailUrl":"https:\/\/dri.unse.edu.ar\/wp-content\/uploads\/2021\/09\/coferencia-sept-pame.jpg","inLanguage":"es-AR","potentialAction":[{"@type":"CommentAction","name":"Comment","target":["https:\/\/dri.unse.edu.ar\/?p=913#respond"]}]},{"@type":"WebPage","@id":"https:\/\/dri.unse.edu.ar\/?p=913","url":"https:\/\/dri.unse.edu.ar\/?p=913","name":"Conferencia: Educaci\u00f3n Virtual y Modelos H\u00edbridos - Relaciones Internacionales UNSE","isPartOf":{"@id":"https:\/\/dri.unse.edu.ar\/#website"},"primaryImageOfPage":{"@id":"https:\/\/dri.unse.edu.ar\/?p=913#primaryimage"},"image":{"@id":"https:\/\/dri.unse.edu.ar\/?p=913#primaryimage"},"thumbnailUrl":"https:\/\/dri.unse.edu.ar\/wp-content\/uploads\/2021\/09\/coferencia-sept-pame.jpg","datePublished":"2021-09-01T12:39:00+00:00","dateModified":"2025-02-04T17:27:56+00:00","description":"La Uni\u00f3n de Universidades de Am\u00e9rica Latina y el Caribe (UDUAL), el Espacio Com\u00fan de Educaci\u00f3n Superior en L\u00ednea (ECESELI) y la Universidad Abierta para Adultos (UAPA) tienen el agrado de invitarle al webinar: \"Educaci\u00f3n Virtual y Modelos H\u00edbridos\"","breadcrumb":{"@id":"https:\/\/dri.unse.edu.ar\/?p=913#breadcrumb"},"inLanguage":"es-AR","potentialAction":[{"@type":"ReadAction","target":["https:\/\/dri.unse.edu.ar\/?p=913"]}]},{"@type":"ImageObject","inLanguage":"es-AR","@id":"https:\/\/dri.unse.edu.ar\/?p=913#primaryimage","url":"https:\/\/dri.unse.edu.ar\/wp-content\/uploads\/2021\/09\/coferencia-sept-pame.jpg","contentUrl":"https:\/\/dri.unse.edu.ar\/wp-content\/uploads\/2021\/09\/coferencia-sept-pame.jpg","width":1080,"height":1080},{"@type":"BreadcrumbList","@id":"https:\/\/dri.unse.edu.ar\/?p=913#breadcrumb","itemListElement":[{"@type":"ListItem","position":1,"name":"Inicio","item":"https:\/\/dri.unse.edu.ar\/"},{"@type":"ListItem","position":2,"name":"Conferencia: Educaci\u00f3n Virtual y Modelos H\u00edbridos"}]},{"@type":"WebSite","@id":"https:\/\/dri.unse.edu.ar\/#website","url":"https:\/\/dri.unse.edu.ar\/","name":"Relaciones Internacionales UNSE","description":"","publisher":{"@id":"https:\/\/dri.unse.edu.ar\/#organization"},"potentialAction":[{"@type":"SearchAction","target":{"@type":"EntryPoint","urlTemplate":"https:\/\/dri.unse.edu.ar\/?s={search_term_string}"},"query-input":{"@type":"PropertyValueSpecification","valueRequired":true,"valueName":"search_term_string"}}],"inLanguage":"es-AR"},{"@type":"Organization","@id":"https:\/\/dri.unse.edu.ar\/#organization","name":"Universidad Nacional de Santiago del Estero","url":"https:\/\/dri.unse.edu.ar\/","logo":{"@type":"ImageObject","inLanguage":"es-AR","@id":"https:\/\/dri.unse.edu.ar\/#\/schema\/logo\/image\/","url":"https:\/\/dri.unse.edu.ar\/wp-content\/uploads\/2019\/03\/logo-3.png","contentUrl":"https:\/\/dri.unse.edu.ar\/wp-content\/uploads\/2019\/03\/logo-3.png","width":816,"height":882,"caption":"Universidad Nacional de Santiago del Estero"},"image":{"@id":"https:\/\/dri.unse.edu.ar\/#\/schema\/logo\/image\/"}},{"@type":"Person","@id":"https:\/\/dri.unse.edu.ar\/#\/schema\/person\/e88461562537ca530352f979aaf6b274","name":"admin","image":{"@type":"ImageObject","inLanguage":"es-AR","@id":"https:\/\/dri.unse.edu.ar\/#\/schema\/person\/image\/","url":"https:\/\/secure.gravatar.com\/avatar\/53147b1af535a81fd92a2bd6d97fb9b9?s=96&d=mm&r=g","contentUrl":"https:\/\/secure.gravatar.com\/avatar\/53147b1af535a81fd92a2bd6d97fb9b9?s=96&d=mm&r=g","caption":"admin"}}]}},"_links":{"self":[{"href":"https:\/\/dri.unse.edu.ar\/index.php?rest_route=\/wp\/v2\/posts\/913"}],"collection":[{"href":"https:\/\/dri.unse.edu.ar\/index.php?rest_route=\/wp\/v2\/posts"}],"about":[{"href":"https:\/\/dri.unse.edu.ar\/index.php?rest_route=\/wp\/v2\/types\/post"}],"author":[{"embeddable":true,"href":"https:\/\/dri.unse.edu.ar\/index.php?rest_route=\/wp\/v2\/users\/1"}],"replies":[{"embeddable":true,"href":"https:\/\/dri.unse.edu.ar\/index.php?rest_route=%2Fwp%2Fv2%2Fcomments&post=913"}],"version-history":[{"count":4,"href":"https:\/\/dri.unse.edu.ar\/index.php?rest_route=\/wp\/v2\/posts\/913\/revisions"}],"predecessor-version":[{"id":2073,"href":"https:\/\/dri.unse.edu.ar\/index.php?rest_route=\/wp\/v2\/posts\/913\/revisions\/2073"}],"wp:featuredmedia":[{"embeddable":true,"href":"https:\/\/dri.unse.edu.ar\/index.php?rest_route=\/wp\/v2\/media\/914"}],"wp:attachment":[{"href":"https:\/\/dri.unse.edu.ar\/index.php?rest_route=%2Fwp%2Fv2%2Fmedia&parent=913"}],"wp:term":[{"taxonomy":"category","embeddable":true,"href":"https:\/\/dri.unse.edu.ar\/index.php?rest_route=%2Fwp%2Fv2%2Fcategories&post=913"},{"taxonomy":"post_tag","embeddable":true,"href":"https:\/\/dri.unse.edu.ar\/index.php?rest_route=%2Fwp%2Fv2%2Ftags&post=913"}],"curies":[{"name":"wp","href":"https:\/\/api.w.org\/{rel}","templated":true}]}}