{"id":895,"date":"2021-05-06T10:45:00","date_gmt":"2021-05-06T13:45:00","guid":{"rendered":"https:\/\/unsedri.com\/?p=895"},"modified":"2025-02-04T14:28:24","modified_gmt":"2025-02-04T17:28:24","slug":"inscripciones-abiertas-para-el-programa-de-formacion-de-doctores-prolac-gcub-udual","status":"publish","type":"post","link":"https:\/\/dri.unse.edu.ar\/?p=895","title":{"rendered":"Inscripciones abiertas para el Programa de Formaci\u00f3n de Doctores (ProLAC) GCUB-UDUAL"},"content":{"rendered":"<h2><\/h2>\n<h4>Inscripciones abiertas para el Programa de Formaci\u00f3n de Doctores (ProLAC) GCUB-UDUAL<\/h4>\n<h5>Convocatoria GCUB-UDUAL n\u00ba 001\/2021<\/h5>\n<p>El Grupo de Cooperaci\u00f3n Internacional de Universidades Brasile\u00f1as (GCUB) promueve, en alianza con la Uni\u00f3n de Universidades de Am\u00e9rica Latina y el Caribe (UDUAL), el Programa de Formaci\u00f3n de Profesores de Educaci\u00f3n Superior para Am\u00e9rica Latina y el Caribe &#8211; ProLAC, Convocatoria GCUB-UDUAL n\u00ba 001\/2021.<br \/>\nEl objetivo del ProLAC es ofrecer formaci\u00f3n de Doctorado para profesores de Educaci\u00f3n Superior de las universidades de Am\u00e9rica Latina y el Caribe asociadas al GCUB y a la UDUAL.<br \/>\nPara mayores informes, favor de revisar el documento en PDF adjunto a este correo o hacer clic en los siguientes enlaces.\u00a0Fecha l\u00edmite para inscribirse: 28 de mayo de 2021 hasta las 6:00 pm (hora oficial deBrasilia, Brasil).<br \/>\n<a role=\"button\" href=\"https:\/\/www.gcub.org.br\/wp-content\/uploads\/2021\/04\/Convocatoria-GCUB-UDUAL-no-001-2021.pdf\" target=\"_blank\" rel=\"noopener noreferrer\"><br \/>\nConvocatoria PROLAC<br \/>\n<\/a><br \/>\n<a role=\"button\" href=\"https:\/\/form.jotform.com\/210847728231658\" target=\"_blank\" rel=\"noopener noreferrer\"><br \/>\nFormulario Digital<br \/>\n<\/a><\/p>\n","protected":false},"excerpt":{"rendered":"<p>El Grupo de Cooperaci\u00f3n Internacional de Universidades Brasile\u00f1as (GCUB) promueve, en alianza con la Uni\u00f3n de Universidades de Am\u00e9rica Latina y el Caribe (UDUAL), el Programa de Formaci\u00f3n de Profesores de Educaci\u00f3n Superior para Am\u00e9rica Latina y el Caribe &#8211; ProLAC, Convocatoria GCUB-UDUAL n\u00ba 001\/2021.<\/p>\n","protected":false},"author":1,"featured_media":896,"comment_status":"open","ping_status":"open","sticky":false,"template":"","format":"standard","meta":{"_et_pb_use_builder":"","_et_pb_old_content":"","_et_gb_content_width":"","footnotes":""},"categories":[1],"tags":[],"class_list":["post-895","post","type-post","status-publish","format-standard","has-post-thumbnail","hentry","category-sin-categoria"],"yoast_head":"<!-- This site is optimized with the Yoast SEO plugin v23.7 - https:\/\/yoast.com\/wordpress\/plugins\/seo\/ -->\n<title>Inscripciones abiertas para el Programa de Formaci\u00f3n de Doctores (ProLAC) GCUB-UDUAL - Relaciones Internacionales UNSE<\/title>\n<meta name=\"description\" content=\"El Grupo de Cooperaci\u00f3n Internacional de Universidades Brasile\u00f1as (GCUB) promueve, en alianza con la Uni\u00f3n de Universidades de Am\u00e9rica Latina y el Caribe (UDUAL), el Programa de Formaci\u00f3n de Profesores de Educaci\u00f3n Superior para Am\u00e9rica Latina y el Caribe - ProLAC, Convocatoria GCUB-UDUAL n\u00ba 001\/2021.\" \/>\n<meta name=\"robots\" content=\"index, follow, max-snippet:-1, max-image-preview:large, max-video-preview:-1\" \/>\n<link rel=\"canonical\" href=\"https:\/\/dri.unse.edu.ar\/?p=895\" \/>\n<meta property=\"og:locale\" content=\"es_ES\" \/>\n<meta property=\"og:type\" content=\"article\" \/>\n<meta property=\"og:title\" content=\"Inscripciones abiertas para el Programa de Formaci\u00f3n de Doctores (ProLAC) GCUB-UDUAL - Relaciones Internacionales UNSE\" \/>\n<meta property=\"og:description\" content=\"El Grupo de Cooperaci\u00f3n Internacional de Universidades Brasile\u00f1as (GCUB) promueve, en alianza con la Uni\u00f3n de Universidades de Am\u00e9rica Latina y el Caribe (UDUAL), el Programa de Formaci\u00f3n de Profesores de Educaci\u00f3n Superior para Am\u00e9rica Latina y el Caribe - ProLAC, Convocatoria GCUB-UDUAL n\u00ba 001\/2021.\" \/>\n<meta property=\"og:url\" content=\"https:\/\/dri.unse.edu.ar\/?p=895\" \/>\n<meta property=\"og:site_name\" content=\"Relaciones Internacionales UNSE\" \/>\n<meta property=\"article:published_time\" content=\"2021-05-06T13:45:00+00:00\" \/>\n<meta property=\"article:modified_time\" content=\"2025-02-04T17:28:24+00:00\" \/>\n<meta property=\"og:image\" content=\"https:\/\/dri.unse.edu.ar\/wp-content\/uploads\/2021\/05\/unnamed.jpg\" \/>\n\t<meta property=\"og:image:width\" content=\"1080\" \/>\n\t<meta property=\"og:image:height\" content=\"1080\" \/>\n\t<meta property=\"og:image:type\" content=\"image\/jpeg\" \/>\n<meta name=\"author\" content=\"admin\" \/>\n<meta name=\"twitter:card\" content=\"summary_large_image\" \/>\n<meta name=\"twitter:label1\" content=\"Escrito por\" \/>\n\t<meta name=\"twitter:data1\" content=\"admin\" \/>\n\t<meta name=\"twitter:label2\" content=\"Tiempo de lectura\" \/>\n\t<meta name=\"twitter:data2\" content=\"3 minutos\" \/>\n<script type=\"application\/ld+json\" class=\"yoast-schema-graph\">{\"@context\":\"https:\/\/schema.org\",\"@graph\":[{\"@type\":\"Article\",\"@id\":\"https:\/\/dri.unse.edu.ar\/?p=895#article\",\"isPartOf\":{\"@id\":\"https:\/\/dri.unse.edu.ar\/?p=895\"},\"author\":{\"name\":\"admin\",\"@id\":\"https:\/\/dri.unse.edu.ar\/#\/schema\/person\/e88461562537ca530352f979aaf6b274\"},\"headline\":\"Inscripciones abiertas para el Programa de Formaci\u00f3n de Doctores (ProLAC) GCUB-UDUAL\",\"datePublished\":\"2021-05-06T13:45:00+00:00\",\"dateModified\":\"2025-02-04T17:28:24+00:00\",\"mainEntityOfPage\":{\"@id\":\"https:\/\/dri.unse.edu.ar\/?p=895\"},\"wordCount\":151,\"commentCount\":0,\"publisher\":{\"@id\":\"https:\/\/dri.unse.edu.ar\/#organization\"},\"image\":{\"@id\":\"https:\/\/dri.unse.edu.ar\/?p=895#primaryimage\"},\"thumbnailUrl\":\"https:\/\/dri.unse.edu.ar\/wp-content\/uploads\/2021\/05\/unnamed.jpg\",\"inLanguage\":\"es-AR\",\"potentialAction\":[{\"@type\":\"CommentAction\",\"name\":\"Comment\",\"target\":[\"https:\/\/dri.unse.edu.ar\/?p=895#respond\"]}]},{\"@type\":\"WebPage\",\"@id\":\"https:\/\/dri.unse.edu.ar\/?p=895\",\"url\":\"https:\/\/dri.unse.edu.ar\/?p=895\",\"name\":\"Inscripciones abiertas para el Programa de Formaci\u00f3n de Doctores (ProLAC) GCUB-UDUAL - Relaciones Internacionales UNSE\",\"isPartOf\":{\"@id\":\"https:\/\/dri.unse.edu.ar\/#website\"},\"primaryImageOfPage\":{\"@id\":\"https:\/\/dri.unse.edu.ar\/?p=895#primaryimage\"},\"image\":{\"@id\":\"https:\/\/dri.unse.edu.ar\/?p=895#primaryimage\"},\"thumbnailUrl\":\"https:\/\/dri.unse.edu.ar\/wp-content\/uploads\/2021\/05\/unnamed.jpg\",\"datePublished\":\"2021-05-06T13:45:00+00:00\",\"dateModified\":\"2025-02-04T17:28:24+00:00\",\"description\":\"El Grupo de Cooperaci\u00f3n Internacional de Universidades Brasile\u00f1as (GCUB) promueve, en alianza con la Uni\u00f3n de Universidades de Am\u00e9rica Latina y el Caribe (UDUAL), el Programa de Formaci\u00f3n de Profesores de Educaci\u00f3n Superior para Am\u00e9rica Latina y el Caribe - ProLAC, Convocatoria GCUB-UDUAL n\u00ba 001\/2021.\",\"breadcrumb\":{\"@id\":\"https:\/\/dri.unse.edu.ar\/?p=895#breadcrumb\"},\"inLanguage\":\"es-AR\",\"potentialAction\":[{\"@type\":\"ReadAction\",\"target\":[\"https:\/\/dri.unse.edu.ar\/?p=895\"]}]},{\"@type\":\"ImageObject\",\"inLanguage\":\"es-AR\",\"@id\":\"https:\/\/dri.unse.edu.ar\/?p=895#primaryimage\",\"url\":\"https:\/\/dri.unse.edu.ar\/wp-content\/uploads\/2021\/05\/unnamed.jpg\",\"contentUrl\":\"https:\/\/dri.unse.edu.ar\/wp-content\/uploads\/2021\/05\/unnamed.jpg\",\"width\":1080,\"height\":1080},{\"@type\":\"BreadcrumbList\",\"@id\":\"https:\/\/dri.unse.edu.ar\/?p=895#breadcrumb\",\"itemListElement\":[{\"@type\":\"ListItem\",\"position\":1,\"name\":\"Inicio\",\"item\":\"https:\/\/dri.unse.edu.ar\/\"},{\"@type\":\"ListItem\",\"position\":2,\"name\":\"Inscripciones abiertas para el Programa de Formaci\u00f3n de Doctores (ProLAC) GCUB-UDUAL\"}]},{\"@type\":\"WebSite\",\"@id\":\"https:\/\/dri.unse.edu.ar\/#website\",\"url\":\"https:\/\/dri.unse.edu.ar\/\",\"name\":\"Relaciones Internacionales UNSE\",\"description\":\"\",\"publisher\":{\"@id\":\"https:\/\/dri.unse.edu.ar\/#organization\"},\"potentialAction\":[{\"@type\":\"SearchAction\",\"target\":{\"@type\":\"EntryPoint\",\"urlTemplate\":\"https:\/\/dri.unse.edu.ar\/?s={search_term_string}\"},\"query-input\":{\"@type\":\"PropertyValueSpecification\",\"valueRequired\":true,\"valueName\":\"search_term_string\"}}],\"inLanguage\":\"es-AR\"},{\"@type\":\"Organization\",\"@id\":\"https:\/\/dri.unse.edu.ar\/#organization\",\"name\":\"Universidad Nacional de Santiago del Estero\",\"url\":\"https:\/\/dri.unse.edu.ar\/\",\"logo\":{\"@type\":\"ImageObject\",\"inLanguage\":\"es-AR\",\"@id\":\"https:\/\/dri.unse.edu.ar\/#\/schema\/logo\/image\/\",\"url\":\"https:\/\/dri.unse.edu.ar\/wp-content\/uploads\/2019\/03\/logo-3.png\",\"contentUrl\":\"https:\/\/dri.unse.edu.ar\/wp-content\/uploads\/2019\/03\/logo-3.png\",\"width\":816,\"height\":882,\"caption\":\"Universidad Nacional de Santiago del Estero\"},\"image\":{\"@id\":\"https:\/\/dri.unse.edu.ar\/#\/schema\/logo\/image\/\"}},{\"@type\":\"Person\",\"@id\":\"https:\/\/dri.unse.edu.ar\/#\/schema\/person\/e88461562537ca530352f979aaf6b274\",\"name\":\"admin\",\"image\":{\"@type\":\"ImageObject\",\"inLanguage\":\"es-AR\",\"@id\":\"https:\/\/dri.unse.edu.ar\/#\/schema\/person\/image\/\",\"url\":\"https:\/\/secure.gravatar.com\/avatar\/53147b1af535a81fd92a2bd6d97fb9b9?s=96&d=mm&r=g\",\"contentUrl\":\"https:\/\/secure.gravatar.com\/avatar\/53147b1af535a81fd92a2bd6d97fb9b9?s=96&d=mm&r=g\",\"caption\":\"admin\"}}]}<\/script>\n<!-- \/ Yoast SEO plugin. -->","yoast_head_json":{"title":"Inscripciones abiertas para el Programa de Formaci\u00f3n de Doctores (ProLAC) GCUB-UDUAL - Relaciones Internacionales UNSE","description":"El Grupo de Cooperaci\u00f3n Internacional de Universidades Brasile\u00f1as (GCUB) promueve, en alianza con la Uni\u00f3n de Universidades de Am\u00e9rica Latina y el Caribe (UDUAL), el Programa de Formaci\u00f3n de Profesores de Educaci\u00f3n Superior para Am\u00e9rica Latina y el Caribe - ProLAC, Convocatoria GCUB-UDUAL n\u00ba 001\/2021.","robots":{"index":"index","follow":"follow","max-snippet":"max-snippet:-1","max-image-preview":"max-image-preview:large","max-video-preview":"max-video-preview:-1"},"canonical":"https:\/\/dri.unse.edu.ar\/?p=895","og_locale":"es_ES","og_type":"article","og_title":"Inscripciones abiertas para el Programa de Formaci\u00f3n de Doctores (ProLAC) GCUB-UDUAL - Relaciones Internacionales UNSE","og_description":"El Grupo de Cooperaci\u00f3n Internacional de Universidades Brasile\u00f1as (GCUB) promueve, en alianza con la Uni\u00f3n de Universidades de Am\u00e9rica Latina y el Caribe (UDUAL), el Programa de Formaci\u00f3n de Profesores de Educaci\u00f3n Superior para Am\u00e9rica Latina y el Caribe - ProLAC, Convocatoria GCUB-UDUAL n\u00ba 001\/2021.","og_url":"https:\/\/dri.unse.edu.ar\/?p=895","og_site_name":"Relaciones Internacionales UNSE","article_published_time":"2021-05-06T13:45:00+00:00","article_modified_time":"2025-02-04T17:28:24+00:00","og_image":[{"width":1080,"height":1080,"url":"https:\/\/dri.unse.edu.ar\/wp-content\/uploads\/2021\/05\/unnamed.jpg","type":"image\/jpeg"}],"author":"admin","twitter_card":"summary_large_image","twitter_misc":{"Escrito por":"admin","Tiempo de lectura":"3 minutos"},"schema":{"@context":"https:\/\/schema.org","@graph":[{"@type":"Article","@id":"https:\/\/dri.unse.edu.ar\/?p=895#article","isPartOf":{"@id":"https:\/\/dri.unse.edu.ar\/?p=895"},"author":{"name":"admin","@id":"https:\/\/dri.unse.edu.ar\/#\/schema\/person\/e88461562537ca530352f979aaf6b274"},"headline":"Inscripciones abiertas para el Programa de Formaci\u00f3n de Doctores (ProLAC) GCUB-UDUAL","datePublished":"2021-05-06T13:45:00+00:00","dateModified":"2025-02-04T17:28:24+00:00","mainEntityOfPage":{"@id":"https:\/\/dri.unse.edu.ar\/?p=895"},"wordCount":151,"commentCount":0,"publisher":{"@id":"https:\/\/dri.unse.edu.ar\/#organization"},"image":{"@id":"https:\/\/dri.unse.edu.ar\/?p=895#primaryimage"},"thumbnailUrl":"https:\/\/dri.unse.edu.ar\/wp-content\/uploads\/2021\/05\/unnamed.jpg","inLanguage":"es-AR","potentialAction":[{"@type":"CommentAction","name":"Comment","target":["https:\/\/dri.unse.edu.ar\/?p=895#respond"]}]},{"@type":"WebPage","@id":"https:\/\/dri.unse.edu.ar\/?p=895","url":"https:\/\/dri.unse.edu.ar\/?p=895","name":"Inscripciones abiertas para el Programa de Formaci\u00f3n de Doctores (ProLAC) GCUB-UDUAL - Relaciones Internacionales UNSE","isPartOf":{"@id":"https:\/\/dri.unse.edu.ar\/#website"},"primaryImageOfPage":{"@id":"https:\/\/dri.unse.edu.ar\/?p=895#primaryimage"},"image":{"@id":"https:\/\/dri.unse.edu.ar\/?p=895#primaryimage"},"thumbnailUrl":"https:\/\/dri.unse.edu.ar\/wp-content\/uploads\/2021\/05\/unnamed.jpg","datePublished":"2021-05-06T13:45:00+00:00","dateModified":"2025-02-04T17:28:24+00:00","description":"El Grupo de Cooperaci\u00f3n Internacional de Universidades Brasile\u00f1as (GCUB) promueve, en alianza con la Uni\u00f3n de Universidades de Am\u00e9rica Latina y el Caribe (UDUAL), el Programa de Formaci\u00f3n de Profesores de Educaci\u00f3n Superior para Am\u00e9rica Latina y el Caribe - ProLAC, Convocatoria GCUB-UDUAL n\u00ba 001\/2021.","breadcrumb":{"@id":"https:\/\/dri.unse.edu.ar\/?p=895#breadcrumb"},"inLanguage":"es-AR","potentialAction":[{"@type":"ReadAction","target":["https:\/\/dri.unse.edu.ar\/?p=895"]}]},{"@type":"ImageObject","inLanguage":"es-AR","@id":"https:\/\/dri.unse.edu.ar\/?p=895#primaryimage","url":"https:\/\/dri.unse.edu.ar\/wp-content\/uploads\/2021\/05\/unnamed.jpg","contentUrl":"https:\/\/dri.unse.edu.ar\/wp-content\/uploads\/2021\/05\/unnamed.jpg","width":1080,"height":1080},{"@type":"BreadcrumbList","@id":"https:\/\/dri.unse.edu.ar\/?p=895#breadcrumb","itemListElement":[{"@type":"ListItem","position":1,"name":"Inicio","item":"https:\/\/dri.unse.edu.ar\/"},{"@type":"ListItem","position":2,"name":"Inscripciones abiertas para el Programa de Formaci\u00f3n de Doctores (ProLAC) GCUB-UDUAL"}]},{"@type":"WebSite","@id":"https:\/\/dri.unse.edu.ar\/#website","url":"https:\/\/dri.unse.edu.ar\/","name":"Relaciones Internacionales UNSE","description":"","publisher":{"@id":"https:\/\/dri.unse.edu.ar\/#organization"},"potentialAction":[{"@type":"SearchAction","target":{"@type":"EntryPoint","urlTemplate":"https:\/\/dri.unse.edu.ar\/?s={search_term_string}"},"query-input":{"@type":"PropertyValueSpecification","valueRequired":true,"valueName":"search_term_string"}}],"inLanguage":"es-AR"},{"@type":"Organization","@id":"https:\/\/dri.unse.edu.ar\/#organization","name":"Universidad Nacional de Santiago del Estero","url":"https:\/\/dri.unse.edu.ar\/","logo":{"@type":"ImageObject","inLanguage":"es-AR","@id":"https:\/\/dri.unse.edu.ar\/#\/schema\/logo\/image\/","url":"https:\/\/dri.unse.edu.ar\/wp-content\/uploads\/2019\/03\/logo-3.png","contentUrl":"https:\/\/dri.unse.edu.ar\/wp-content\/uploads\/2019\/03\/logo-3.png","width":816,"height":882,"caption":"Universidad Nacional de Santiago del Estero"},"image":{"@id":"https:\/\/dri.unse.edu.ar\/#\/schema\/logo\/image\/"}},{"@type":"Person","@id":"https:\/\/dri.unse.edu.ar\/#\/schema\/person\/e88461562537ca530352f979aaf6b274","name":"admin","image":{"@type":"ImageObject","inLanguage":"es-AR","@id":"https:\/\/dri.unse.edu.ar\/#\/schema\/person\/image\/","url":"https:\/\/secure.gravatar.com\/avatar\/53147b1af535a81fd92a2bd6d97fb9b9?s=96&d=mm&r=g","contentUrl":"https:\/\/secure.gravatar.com\/avatar\/53147b1af535a81fd92a2bd6d97fb9b9?s=96&d=mm&r=g","caption":"admin"}}]}},"_links":{"self":[{"href":"https:\/\/dri.unse.edu.ar\/index.php?rest_route=\/wp\/v2\/posts\/895"}],"collection":[{"href":"https:\/\/dri.unse.edu.ar\/index.php?rest_route=\/wp\/v2\/posts"}],"about":[{"href":"https:\/\/dri.unse.edu.ar\/index.php?rest_route=\/wp\/v2\/types\/post"}],"author":[{"embeddable":true,"href":"https:\/\/dri.unse.edu.ar\/index.php?rest_route=\/wp\/v2\/users\/1"}],"replies":[{"embeddable":true,"href":"https:\/\/dri.unse.edu.ar\/index.php?rest_route=%2Fwp%2Fv2%2Fcomments&post=895"}],"version-history":[{"count":5,"href":"https:\/\/dri.unse.edu.ar\/index.php?rest_route=\/wp\/v2\/posts\/895\/revisions"}],"predecessor-version":[{"id":2074,"href":"https:\/\/dri.unse.edu.ar\/index.php?rest_route=\/wp\/v2\/posts\/895\/revisions\/2074"}],"wp:featuredmedia":[{"embeddable":true,"href":"https:\/\/dri.unse.edu.ar\/index.php?rest_route=\/wp\/v2\/media\/896"}],"wp:attachment":[{"href":"https:\/\/dri.unse.edu.ar\/index.php?rest_route=%2Fwp%2Fv2%2Fmedia&parent=895"}],"wp:term":[{"taxonomy":"category","embeddable":true,"href":"https:\/\/dri.unse.edu.ar\/index.php?rest_route=%2Fwp%2Fv2%2Fcategories&post=895"},{"taxonomy":"post_tag","embeddable":true,"href":"https:\/\/dri.unse.edu.ar\/index.php?rest_route=%2Fwp%2Fv2%2Ftags&post=895"}],"curies":[{"name":"wp","href":"https:\/\/api.w.org\/{rel}","templated":true}]}}