{"id":2232,"date":"2025-10-31T12:34:16","date_gmt":"2025-10-31T15:34:16","guid":{"rendered":"https:\/\/dri.unse.edu.ar\/?p=2232"},"modified":"2025-10-31T12:34:16","modified_gmt":"2025-10-31T15:34:16","slug":"convocatoria-abierta-becas-para-docentes-e-investigadores-en-francia","status":"publish","type":"post","link":"https:\/\/dri.unse.edu.ar\/?p=2232","title":{"rendered":"Convocatoria abierta \u2013 Becas para docentes e investigadores en Francia"},"content":{"rendered":"<p>[et_pb_section fb_built=&#8221;1&#8243; admin_label=&#8221;section&#8221; _builder_version=&#8221;4.27.2&#8243; background_color=&#8221;#FFFFFF&#8221; global_colors_info=&#8221;{}&#8221; theme_builder_area=&#8221;post_content&#8221;][et_pb_row admin_label=&#8221;row&#8221; _builder_version=&#8221;4.16&#8243; background_size=&#8221;initial&#8221; background_position=&#8221;top_left&#8221; background_repeat=&#8221;repeat&#8221; width=&#8221;100%&#8221; min_height=&#8221;890.4px&#8221; global_colors_info=&#8221;{}&#8221; theme_builder_area=&#8221;post_content&#8221;][et_pb_column type=&#8221;4_4&#8243; _builder_version=&#8221;4.16&#8243; custom_padding=&#8221;|||&#8221; global_colors_info=&#8221;{}&#8221; custom_padding__hover=&#8221;|||&#8221; theme_builder_area=&#8221;post_content&#8221;][et_pb_text admin_label=&#8221;Text&#8221; _builder_version=&#8221;4.16&#8243; background_size=&#8221;initial&#8221; background_position=&#8221;top_left&#8221; background_repeat=&#8221;repeat&#8221; global_colors_info=&#8221;{}&#8221; theme_builder_area=&#8221;post_content&#8221;]<\/p>\n<h3 data-start=\"162\" data-end=\"255\">Instituto de Estudios Latinoamericanos Avanzados (IHEAL) \u2013 Universit\u00e9 Sorbonne Nouvelle<\/h3>\n<p data-start=\"257\" data-end=\"468\">Se encuentra abierta la convocatoria para las c\u00e1tedras de investigaci\u00f3n del IHEAL-CREDA en la Universidad Sorbonne Nouvelle (Francia), dirigidas a docentes universitarios e investigadores con perfil establecido.<\/p>\n<h3 data-start=\"470\" data-end=\"487\">Datos clave<\/h3>\n<ul data-start=\"488\" data-end=\"1820\">\n<li data-start=\"488\" data-end=\"543\">\n<p data-start=\"490\" data-end=\"543\">Pa\u00eds: Francia<\/p>\n<\/li>\n<li data-start=\"544\" data-end=\"624\">\n<p data-start=\"546\" data-end=\"624\">Tipo de beca: Docencia e investigaci\u00f3n <span class=\"\" data-state=\"closed\"><span class=\"ms-1 inline-flex max-w-full items-center relative top-[-0.094rem] animate-[show_150ms_ease-in]\" data-testid=\"webpage-citation-pill\"><a href=\"https:\/\/www.argentina.gob.ar\/capital-humano\/educacion\/campusargentinaglobal\/becas-extranjero\/becas-para-docentes-e-investigadores-en-el-instituto-de-estudios-latinoamericanos-avanzados-de-la\" target=\"_blank\" rel=\"noopener\" alt=\"https:\/\/www.argentina.gob.ar\/capital-humano\/educacion\/campusargentinaglobal\/becas-extranjero\/becas-para-docentes-e-investigadores-en-el-instituto-de-estudios-latinoamericanos-avanzados-de-la\" class=\"flex h-4.5 overflow-hidden rounded-xl px-2 text-[9px] font-medium transition-colors duration-150 ease-in-out text-token-text-secondary! bg-[#F4F4F4]! dark:bg-[#303030]!\"><span class=\"relative start-0 bottom-0 flex h-full w-full items-center\"><span class=\"flex h-4 w-full items-center justify-between overflow-hidden\"><span class=\"max-w-[15ch] grow truncate overflow-hidden text-center\"><\/span><\/span><\/span><\/a><\/span><\/span><\/p>\n<\/li>\n<li data-start=\"625\" data-end=\"771\">\n<p data-start=\"627\" data-end=\"771\">\u00c1reas de convocatoria: Ciencias Sociales, Comunicaci\u00f3n, Humanidades, Econom\u00eda, Negocios, Administraci\u00f3n.<\/p>\n<\/li>\n<li data-start=\"772\" data-end=\"1380\">\n<p data-start=\"774\" data-end=\"898\">Destinatarios: Profesores titulares universitarios y\/o investigadores de organismos de investigaci\u00f3n extranjero. Se exige:<\/p>\n<ul data-start=\"901\" data-end=\"1380\">\n<li data-start=\"901\" data-end=\"989\">\n<p data-start=\"903\" data-end=\"989\">Tener menos de 65 a\u00f1os al inicio del contrato.<\/p>\n<\/li>\n<li data-start=\"992\" data-end=\"1099\">\n<p data-start=\"994\" data-end=\"1099\">Ser titular universitario o investigador en organismo extranjero.<\/p>\n<\/li>\n<li data-start=\"1102\" data-end=\"1187\">\n<p data-start=\"1104\" data-end=\"1187\">Contar con 5 a\u00f1os de doctorado como m\u00ednimo.<\/p>\n<\/li>\n<li data-start=\"1190\" data-end=\"1380\">\n<p data-start=\"1192\" data-end=\"1380\">Disciplinas habituales: Antropolog\u00eda, Ciencia Pol\u00edtica, Econom\u00eda, Geograf\u00eda, Historia Contempor\u00e1nea (siglos XX y XXI), Sociolog\u00eda de Am\u00e9rica Latina. <span class=\"\" data-state=\"closed\"><span class=\"ms-1 inline-flex max-w-full items-center relative top-[-0.094rem] animate-[show_150ms_ease-in]\" data-testid=\"webpage-citation-pill\"><a href=\"https:\/\/www.argentina.gob.ar\/capital-humano\/educacion\/campusargentinaglobal\/becas-extranjero\/becas-para-docentes-e-investigadores-en-el-instituto-de-estudios-latinoamericanos-avanzados-de-la\" target=\"_blank\" rel=\"noopener\" alt=\"https:\/\/www.argentina.gob.ar\/capital-humano\/educacion\/campusargentinaglobal\/becas-extranjero\/becas-para-docentes-e-investigadores-en-el-instituto-de-estudios-latinoamericanos-avanzados-de-la\" class=\"flex h-4.5 overflow-hidden rounded-xl px-2 text-[9px] font-medium transition-colors duration-150 ease-in-out text-token-text-secondary! bg-[#F4F4F4]! dark:bg-[#303030]!\"><span class=\"relative start-0 bottom-0 flex h-full w-full items-center\"><span class=\"flex h-4 w-full items-center justify-between overflow-hidden\"><span class=\"max-w-[15ch] grow truncate overflow-hidden text-center\"><\/span><\/span><\/span><\/a><\/span><\/span><\/p>\n<\/li>\n<\/ul>\n<\/li>\n<li data-start=\"1381\" data-end=\"1656\">\n<p data-start=\"1383\" data-end=\"1656\">Duraci\u00f3n de la estancia: 2 meses. Durante ese per\u00edodo, el beneficiario participar\u00e1 de actividades de investigaci\u00f3n y redactar\u00e1 un art\u00edculo; podr\u00e1 colaborar con otros departamentos de la universidad o instituciones europeas asociadas. <span class=\"\" data-state=\"closed\"><span class=\"ms-1 inline-flex max-w-full items-center relative top-[-0.094rem] animate-[show_150ms_ease-in]\" data-testid=\"webpage-citation-pill\"><a href=\"https:\/\/www.argentina.gob.ar\/capital-humano\/educacion\/campusargentinaglobal\/becas-extranjero\/becas-para-docentes-e-investigadores-en-el-instituto-de-estudios-latinoamericanos-avanzados-de-la\" target=\"_blank\" rel=\"noopener\" alt=\"https:\/\/www.argentina.gob.ar\/capital-humano\/educacion\/campusargentinaglobal\/becas-extranjero\/becas-para-docentes-e-investigadores-en-el-instituto-de-estudios-latinoamericanos-avanzados-de-la\" class=\"flex h-4.5 overflow-hidden rounded-xl px-2 text-[9px] font-medium transition-colors duration-150 ease-in-out text-token-text-secondary! bg-[#F4F4F4]! dark:bg-[#303030]!\"><span class=\"relative start-0 bottom-0 flex h-full w-full items-center\"><span class=\"flex h-4 w-full items-center justify-between overflow-hidden\"><span class=\"max-w-[15ch] grow truncate overflow-hidden text-center\"><\/span><\/span><\/span><\/a><\/span><\/span><\/p>\n<\/li>\n<li data-start=\"1657\" data-end=\"1820\">\n<p data-start=\"1659\" data-end=\"1820\">Prestaciones: Salario mensual conforme al \u00edndice de referencia salarial franc\u00e9s para un profesor universitario titular. <span class=\"\" data-state=\"closed\"><span class=\"ms-1 inline-flex max-w-full items-center relative top-[-0.094rem] animate-[show_150ms_ease-in]\" data-testid=\"webpage-citation-pill\"><a href=\"https:\/\/www.argentina.gob.ar\/capital-humano\/educacion\/campusargentinaglobal\/becas-extranjero\/becas-para-docentes-e-investigadores-en-el-instituto-de-estudios-latinoamericanos-avanzados-de-la\" target=\"_blank\" rel=\"noopener\" alt=\"https:\/\/www.argentina.gob.ar\/capital-humano\/educacion\/campusargentinaglobal\/becas-extranjero\/becas-para-docentes-e-investigadores-en-el-instituto-de-estudios-latinoamericanos-avanzados-de-la\" class=\"flex h-4.5 overflow-hidden rounded-xl px-2 text-[9px] font-medium transition-colors duration-150 ease-in-out text-token-text-secondary! bg-[#F4F4F4]! dark:bg-[#303030]!\"><span class=\"relative start-0 bottom-0 flex h-full w-full items-center\"><span class=\"flex h-4 w-full items-center justify-between overflow-hidden\"><span class=\"max-w-[15ch] grow truncate overflow-hidden text-center\"><\/span><\/span><\/span><\/a><\/span><\/span><\/p>\n<\/li>\n<\/ul>\n<h3 data-start=\"1822\" data-end=\"1843\">M\u00e1s informaci\u00f3n<\/h3>\n<p data-start=\"1844\" data-end=\"2298\">Para consultar bases, condiciones y requisitos completos, visit\u00e1:<\/p>\n<p data-start=\"1844\" data-end=\"2298\"><a href=\"https:\/\/www.argentina.gob.ar\/capital-humano\/educacion\/campusargentinaglobal\/becas-extranjero\/becas-para-docentes-e-investigadores-en-el-instituto-de-estudios-latinoamericanos-avanzados-de-la\">https:\/\/www.argentina.gob.ar\/capital-humano\/educacion\/campusargentinaglobal\/becas-extranjero\/becas-para-docentes-e-investigadores-en-el-instituto-de-estudios-latinoamericanos-avanzados-de-la<\/a><\/p>\n<p data-start=\"1844\" data-end=\"2298\">\n<p>[\/et_pb_text][\/et_pb_column][\/et_pb_row][\/et_pb_section]<\/p>\n","protected":false},"excerpt":{"rendered":"<p>Se encuentra abierta la convocatoria para las c\u00e1tedras de investigaci\u00f3n del IHEAL-CREDA en la Universidad Sorbonne Nouvelle (Francia), dirigidas a docentes universitarios e investigadores con perfil establecido.<\/p>\n","protected":false},"author":4,"featured_media":2233,"comment_status":"closed","ping_status":"closed","sticky":false,"template":"","format":"standard","meta":{"_et_pb_use_builder":"on","_et_pb_old_content":"","_et_gb_content_width":"","footnotes":""},"categories":[1],"tags":[],"class_list":["post-2232","post","type-post","status-publish","format-standard","has-post-thumbnail","hentry","category-sin-categoria"],"yoast_head":"<!-- This site is optimized with the Yoast SEO plugin v23.7 - https:\/\/yoast.com\/wordpress\/plugins\/seo\/ -->\n<title>Convocatoria abierta \u2013 Becas para docentes e investigadores en Francia - Relaciones Internacionales UNSE<\/title>\n<meta name=\"robots\" content=\"index, follow, max-snippet:-1, max-image-preview:large, max-video-preview:-1\" \/>\n<link rel=\"canonical\" href=\"https:\/\/dri.unse.edu.ar\/?p=2232\" \/>\n<meta property=\"og:locale\" content=\"es_ES\" \/>\n<meta property=\"og:type\" content=\"article\" \/>\n<meta property=\"og:title\" content=\"Convocatoria abierta \u2013 Becas para docentes e investigadores en Francia - Relaciones Internacionales UNSE\" \/>\n<meta property=\"og:description\" content=\"Se encuentra abierta la convocatoria para las c\u00e1tedras de investigaci\u00f3n del IHEAL-CREDA en la Universidad Sorbonne Nouvelle (Francia), dirigidas a docentes universitarios e investigadores con perfil establecido.\" \/>\n<meta property=\"og:url\" content=\"https:\/\/dri.unse.edu.ar\/?p=2232\" \/>\n<meta property=\"og:site_name\" content=\"Relaciones Internacionales UNSE\" \/>\n<meta property=\"article:published_time\" content=\"2025-10-31T15:34:16+00:00\" \/>\n<meta property=\"og:image\" content=\"https:\/\/dri.unse.edu.ar\/wp-content\/uploads\/2025\/10\/becas-campus-global-francia.jpg\" \/>\n\t<meta property=\"og:image:width\" content=\"900\" \/>\n\t<meta property=\"og:image:height\" content=\"600\" \/>\n\t<meta property=\"og:image:type\" content=\"image\/jpeg\" \/>\n<meta name=\"author\" content=\"Fernando Ramirez\" \/>\n<meta name=\"twitter:card\" content=\"summary_large_image\" \/>\n<meta name=\"twitter:label1\" content=\"Escrito por\" \/>\n\t<meta name=\"twitter:data1\" content=\"Fernando Ramirez\" \/>\n\t<meta name=\"twitter:label2\" content=\"Tiempo de lectura\" \/>\n\t<meta name=\"twitter:data2\" content=\"1 minuto\" \/>\n<script type=\"application\/ld+json\" class=\"yoast-schema-graph\">{\"@context\":\"https:\/\/schema.org\",\"@graph\":[{\"@type\":\"Article\",\"@id\":\"https:\/\/dri.unse.edu.ar\/?p=2232#article\",\"isPartOf\":{\"@id\":\"https:\/\/dri.unse.edu.ar\/?p=2232\"},\"author\":{\"name\":\"Fernando Ramirez\",\"@id\":\"https:\/\/dri.unse.edu.ar\/#\/schema\/person\/496fab58fa69df6104710dd598905fcb\"},\"headline\":\"Convocatoria abierta \u2013 Becas para docentes e investigadores en Francia\",\"datePublished\":\"2025-10-31T15:34:16+00:00\",\"dateModified\":\"2025-10-31T15:34:16+00:00\",\"mainEntityOfPage\":{\"@id\":\"https:\/\/dri.unse.edu.ar\/?p=2232\"},\"wordCount\":318,\"publisher\":{\"@id\":\"https:\/\/dri.unse.edu.ar\/#organization\"},\"image\":{\"@id\":\"https:\/\/dri.unse.edu.ar\/?p=2232#primaryimage\"},\"thumbnailUrl\":\"https:\/\/dri.unse.edu.ar\/wp-content\/uploads\/2025\/10\/becas-campus-global-francia.jpg\",\"inLanguage\":\"es-AR\"},{\"@type\":\"WebPage\",\"@id\":\"https:\/\/dri.unse.edu.ar\/?p=2232\",\"url\":\"https:\/\/dri.unse.edu.ar\/?p=2232\",\"name\":\"Convocatoria abierta \u2013 Becas para docentes e investigadores en Francia - Relaciones Internacionales UNSE\",\"isPartOf\":{\"@id\":\"https:\/\/dri.unse.edu.ar\/#website\"},\"primaryImageOfPage\":{\"@id\":\"https:\/\/dri.unse.edu.ar\/?p=2232#primaryimage\"},\"image\":{\"@id\":\"https:\/\/dri.unse.edu.ar\/?p=2232#primaryimage\"},\"thumbnailUrl\":\"https:\/\/dri.unse.edu.ar\/wp-content\/uploads\/2025\/10\/becas-campus-global-francia.jpg\",\"datePublished\":\"2025-10-31T15:34:16+00:00\",\"dateModified\":\"2025-10-31T15:34:16+00:00\",\"breadcrumb\":{\"@id\":\"https:\/\/dri.unse.edu.ar\/?p=2232#breadcrumb\"},\"inLanguage\":\"es-AR\",\"potentialAction\":[{\"@type\":\"ReadAction\",\"target\":[\"https:\/\/dri.unse.edu.ar\/?p=2232\"]}]},{\"@type\":\"ImageObject\",\"inLanguage\":\"es-AR\",\"@id\":\"https:\/\/dri.unse.edu.ar\/?p=2232#primaryimage\",\"url\":\"https:\/\/dri.unse.edu.ar\/wp-content\/uploads\/2025\/10\/becas-campus-global-francia.jpg\",\"contentUrl\":\"https:\/\/dri.unse.edu.ar\/wp-content\/uploads\/2025\/10\/becas-campus-global-francia.jpg\",\"width\":900,\"height\":600},{\"@type\":\"BreadcrumbList\",\"@id\":\"https:\/\/dri.unse.edu.ar\/?p=2232#breadcrumb\",\"itemListElement\":[{\"@type\":\"ListItem\",\"position\":1,\"name\":\"Inicio\",\"item\":\"https:\/\/dri.unse.edu.ar\/\"},{\"@type\":\"ListItem\",\"position\":2,\"name\":\"Convocatoria abierta \u2013 Becas para docentes e investigadores en Francia\"}]},{\"@type\":\"WebSite\",\"@id\":\"https:\/\/dri.unse.edu.ar\/#website\",\"url\":\"https:\/\/dri.unse.edu.ar\/\",\"name\":\"Relaciones Internacionales UNSE\",\"description\":\"\",\"publisher\":{\"@id\":\"https:\/\/dri.unse.edu.ar\/#organization\"},\"potentialAction\":[{\"@type\":\"SearchAction\",\"target\":{\"@type\":\"EntryPoint\",\"urlTemplate\":\"https:\/\/dri.unse.edu.ar\/?s={search_term_string}\"},\"query-input\":{\"@type\":\"PropertyValueSpecification\",\"valueRequired\":true,\"valueName\":\"search_term_string\"}}],\"inLanguage\":\"es-AR\"},{\"@type\":\"Organization\",\"@id\":\"https:\/\/dri.unse.edu.ar\/#organization\",\"name\":\"Universidad Nacional de Santiago del Estero\",\"url\":\"https:\/\/dri.unse.edu.ar\/\",\"logo\":{\"@type\":\"ImageObject\",\"inLanguage\":\"es-AR\",\"@id\":\"https:\/\/dri.unse.edu.ar\/#\/schema\/logo\/image\/\",\"url\":\"https:\/\/dri.unse.edu.ar\/wp-content\/uploads\/2019\/03\/logo-3.png\",\"contentUrl\":\"https:\/\/dri.unse.edu.ar\/wp-content\/uploads\/2019\/03\/logo-3.png\",\"width\":816,\"height\":882,\"caption\":\"Universidad Nacional de Santiago del Estero\"},\"image\":{\"@id\":\"https:\/\/dri.unse.edu.ar\/#\/schema\/logo\/image\/\"}},{\"@type\":\"Person\",\"@id\":\"https:\/\/dri.unse.edu.ar\/#\/schema\/person\/496fab58fa69df6104710dd598905fcb\",\"name\":\"Fernando Ramirez\",\"image\":{\"@type\":\"ImageObject\",\"inLanguage\":\"es-AR\",\"@id\":\"https:\/\/dri.unse.edu.ar\/#\/schema\/person\/image\/\",\"url\":\"https:\/\/secure.gravatar.com\/avatar\/e69d7532893031bedbb60e48f48bf927?s=96&d=mm&r=g\",\"contentUrl\":\"https:\/\/secure.gravatar.com\/avatar\/e69d7532893031bedbb60e48f48bf927?s=96&d=mm&r=g\",\"caption\":\"Fernando Ramirez\"}}]}<\/script>\n<!-- \/ Yoast SEO plugin. -->","yoast_head_json":{"title":"Convocatoria abierta \u2013 Becas para docentes e investigadores en Francia - Relaciones Internacionales UNSE","robots":{"index":"index","follow":"follow","max-snippet":"max-snippet:-1","max-image-preview":"max-image-preview:large","max-video-preview":"max-video-preview:-1"},"canonical":"https:\/\/dri.unse.edu.ar\/?p=2232","og_locale":"es_ES","og_type":"article","og_title":"Convocatoria abierta \u2013 Becas para docentes e investigadores en Francia - Relaciones Internacionales UNSE","og_description":"Se encuentra abierta la convocatoria para las c\u00e1tedras de investigaci\u00f3n del IHEAL-CREDA en la Universidad Sorbonne Nouvelle (Francia), dirigidas a docentes universitarios e investigadores con perfil establecido.","og_url":"https:\/\/dri.unse.edu.ar\/?p=2232","og_site_name":"Relaciones Internacionales UNSE","article_published_time":"2025-10-31T15:34:16+00:00","og_image":[{"width":900,"height":600,"url":"https:\/\/dri.unse.edu.ar\/wp-content\/uploads\/2025\/10\/becas-campus-global-francia.jpg","type":"image\/jpeg"}],"author":"Fernando Ramirez","twitter_card":"summary_large_image","twitter_misc":{"Escrito por":"Fernando Ramirez","Tiempo de lectura":"1 minuto"},"schema":{"@context":"https:\/\/schema.org","@graph":[{"@type":"Article","@id":"https:\/\/dri.unse.edu.ar\/?p=2232#article","isPartOf":{"@id":"https:\/\/dri.unse.edu.ar\/?p=2232"},"author":{"name":"Fernando Ramirez","@id":"https:\/\/dri.unse.edu.ar\/#\/schema\/person\/496fab58fa69df6104710dd598905fcb"},"headline":"Convocatoria abierta \u2013 Becas para docentes e investigadores en Francia","datePublished":"2025-10-31T15:34:16+00:00","dateModified":"2025-10-31T15:34:16+00:00","mainEntityOfPage":{"@id":"https:\/\/dri.unse.edu.ar\/?p=2232"},"wordCount":318,"publisher":{"@id":"https:\/\/dri.unse.edu.ar\/#organization"},"image":{"@id":"https:\/\/dri.unse.edu.ar\/?p=2232#primaryimage"},"thumbnailUrl":"https:\/\/dri.unse.edu.ar\/wp-content\/uploads\/2025\/10\/becas-campus-global-francia.jpg","inLanguage":"es-AR"},{"@type":"WebPage","@id":"https:\/\/dri.unse.edu.ar\/?p=2232","url":"https:\/\/dri.unse.edu.ar\/?p=2232","name":"Convocatoria abierta \u2013 Becas para docentes e investigadores en Francia - Relaciones Internacionales UNSE","isPartOf":{"@id":"https:\/\/dri.unse.edu.ar\/#website"},"primaryImageOfPage":{"@id":"https:\/\/dri.unse.edu.ar\/?p=2232#primaryimage"},"image":{"@id":"https:\/\/dri.unse.edu.ar\/?p=2232#primaryimage"},"thumbnailUrl":"https:\/\/dri.unse.edu.ar\/wp-content\/uploads\/2025\/10\/becas-campus-global-francia.jpg","datePublished":"2025-10-31T15:34:16+00:00","dateModified":"2025-10-31T15:34:16+00:00","breadcrumb":{"@id":"https:\/\/dri.unse.edu.ar\/?p=2232#breadcrumb"},"inLanguage":"es-AR","potentialAction":[{"@type":"ReadAction","target":["https:\/\/dri.unse.edu.ar\/?p=2232"]}]},{"@type":"ImageObject","inLanguage":"es-AR","@id":"https:\/\/dri.unse.edu.ar\/?p=2232#primaryimage","url":"https:\/\/dri.unse.edu.ar\/wp-content\/uploads\/2025\/10\/becas-campus-global-francia.jpg","contentUrl":"https:\/\/dri.unse.edu.ar\/wp-content\/uploads\/2025\/10\/becas-campus-global-francia.jpg","width":900,"height":600},{"@type":"BreadcrumbList","@id":"https:\/\/dri.unse.edu.ar\/?p=2232#breadcrumb","itemListElement":[{"@type":"ListItem","position":1,"name":"Inicio","item":"https:\/\/dri.unse.edu.ar\/"},{"@type":"ListItem","position":2,"name":"Convocatoria abierta \u2013 Becas para docentes e investigadores en Francia"}]},{"@type":"WebSite","@id":"https:\/\/dri.unse.edu.ar\/#website","url":"https:\/\/dri.unse.edu.ar\/","name":"Relaciones Internacionales UNSE","description":"","publisher":{"@id":"https:\/\/dri.unse.edu.ar\/#organization"},"potentialAction":[{"@type":"SearchAction","target":{"@type":"EntryPoint","urlTemplate":"https:\/\/dri.unse.edu.ar\/?s={search_term_string}"},"query-input":{"@type":"PropertyValueSpecification","valueRequired":true,"valueName":"search_term_string"}}],"inLanguage":"es-AR"},{"@type":"Organization","@id":"https:\/\/dri.unse.edu.ar\/#organization","name":"Universidad Nacional de Santiago del Estero","url":"https:\/\/dri.unse.edu.ar\/","logo":{"@type":"ImageObject","inLanguage":"es-AR","@id":"https:\/\/dri.unse.edu.ar\/#\/schema\/logo\/image\/","url":"https:\/\/dri.unse.edu.ar\/wp-content\/uploads\/2019\/03\/logo-3.png","contentUrl":"https:\/\/dri.unse.edu.ar\/wp-content\/uploads\/2019\/03\/logo-3.png","width":816,"height":882,"caption":"Universidad Nacional de Santiago del Estero"},"image":{"@id":"https:\/\/dri.unse.edu.ar\/#\/schema\/logo\/image\/"}},{"@type":"Person","@id":"https:\/\/dri.unse.edu.ar\/#\/schema\/person\/496fab58fa69df6104710dd598905fcb","name":"Fernando Ramirez","image":{"@type":"ImageObject","inLanguage":"es-AR","@id":"https:\/\/dri.unse.edu.ar\/#\/schema\/person\/image\/","url":"https:\/\/secure.gravatar.com\/avatar\/e69d7532893031bedbb60e48f48bf927?s=96&d=mm&r=g","contentUrl":"https:\/\/secure.gravatar.com\/avatar\/e69d7532893031bedbb60e48f48bf927?s=96&d=mm&r=g","caption":"Fernando Ramirez"}}]}},"_links":{"self":[{"href":"https:\/\/dri.unse.edu.ar\/index.php?rest_route=\/wp\/v2\/posts\/2232"}],"collection":[{"href":"https:\/\/dri.unse.edu.ar\/index.php?rest_route=\/wp\/v2\/posts"}],"about":[{"href":"https:\/\/dri.unse.edu.ar\/index.php?rest_route=\/wp\/v2\/types\/post"}],"author":[{"embeddable":true,"href":"https:\/\/dri.unse.edu.ar\/index.php?rest_route=\/wp\/v2\/users\/4"}],"replies":[{"embeddable":true,"href":"https:\/\/dri.unse.edu.ar\/index.php?rest_route=%2Fwp%2Fv2%2Fcomments&post=2232"}],"version-history":[{"count":2,"href":"https:\/\/dri.unse.edu.ar\/index.php?rest_route=\/wp\/v2\/posts\/2232\/revisions"}],"predecessor-version":[{"id":2236,"href":"https:\/\/dri.unse.edu.ar\/index.php?rest_route=\/wp\/v2\/posts\/2232\/revisions\/2236"}],"wp:featuredmedia":[{"embeddable":true,"href":"https:\/\/dri.unse.edu.ar\/index.php?rest_route=\/wp\/v2\/media\/2233"}],"wp:attachment":[{"href":"https:\/\/dri.unse.edu.ar\/index.php?rest_route=%2Fwp%2Fv2%2Fmedia&parent=2232"}],"wp:term":[{"taxonomy":"category","embeddable":true,"href":"https:\/\/dri.unse.edu.ar\/index.php?rest_route=%2Fwp%2Fv2%2Fcategories&post=2232"},{"taxonomy":"post_tag","embeddable":true,"href":"https:\/\/dri.unse.edu.ar\/index.php?rest_route=%2Fwp%2Fv2%2Ftags&post=2232"}],"curies":[{"name":"wp","href":"https:\/\/api.w.org\/{rel}","templated":true}]}}