{"id":2200,"date":"2025-08-19T10:27:39","date_gmt":"2025-08-19T13:27:39","guid":{"rendered":"https:\/\/dri.unse.edu.ar\/?p=2200"},"modified":"2025-08-19T10:27:39","modified_gmt":"2025-08-19T13:27:39","slug":"invitacion-a-charla-estudiar-en-francia-universidad-nacional-de-santiago-del-estero","status":"publish","type":"post","link":"https:\/\/dri.unse.edu.ar\/?p=2200","title":{"rendered":"Invitaci\u00f3n a charla \u201cEstudiar en Francia\u201d \u2013 Universidad Nacional de Santiago del Estero"},"content":{"rendered":"<p>[et_pb_section fb_built=&#8221;1&#8243; admin_label=&#8221;section&#8221; _builder_version=&#8221;4.27.2&#8243; background_color=&#8221;#FFFFFF&#8221; global_colors_info=&#8221;{}&#8221; theme_builder_area=&#8221;post_content&#8221;][et_pb_row admin_label=&#8221;row&#8221; _builder_version=&#8221;4.16&#8243; background_size=&#8221;initial&#8221; background_position=&#8221;top_left&#8221; background_repeat=&#8221;repeat&#8221; width=&#8221;100%&#8221; min_height=&#8221;890.4px&#8221; custom_margin=&#8221;|auto|-477px|auto||&#8221; global_colors_info=&#8221;{}&#8221; theme_builder_area=&#8221;post_content&#8221;][et_pb_column type=&#8221;4_4&#8243; _builder_version=&#8221;4.16&#8243; custom_padding=&#8221;|||&#8221; global_colors_info=&#8221;{}&#8221; custom_padding__hover=&#8221;|||&#8221; theme_builder_area=&#8221;post_content&#8221;][et_pb_text admin_label=&#8221;Text&#8221; _builder_version=&#8221;4.16&#8243; background_size=&#8221;initial&#8221; background_position=&#8221;top_left&#8221; background_repeat=&#8221;repeat&#8221; custom_padding=&#8221;||0px|||&#8221; global_colors_info=&#8221;{}&#8221; theme_builder_area=&#8221;post_content&#8221;]<\/p>\n<p>La Embajada de Francia en Argentina, el Institut Fran\u00e7ais d\u2019Argentine y Campus France, junto con la Universidad Nacional de Santiago del Estero, invitan a participar de la Charla \u201cEstudiar en Francia\u201d, donde se brindar\u00e1 informaci\u00f3n sobre las posibilidades de estudios y becas en Francia.<\/p>\n<p>\ud83d\udcc5 Fecha: martes 2 de septiembre de 2025<br \/>\ud83d\udd58 Horario: 10:00 hs<br \/>\ud83d\udccd Lugar: S.U.M. EIE (Sal\u00f3n de Usos M\u00faltiples de la Escuela para la Innovaci\u00f3n Educativa), Sede Central \u2013 Universidad Nacional de Santiago del Estero<\/p>\n<p>Este encuentro est\u00e1 dirigido a estudiantes, docentes e investigadores interesados en continuar su formaci\u00f3n acad\u00e9mica en instituciones francesas.<\/p>\n<p>[\/et_pb_text][et_pb_image src=&#8221;https:\/\/dri.unse.edu.ar\/wp-content\/uploads\/2025\/08\/Flyer-Campus-France-UNSE-02-09.png&#8221; _builder_version=&#8221;4.27.2&#8243; _module_preset=&#8221;default&#8221; theme_builder_area=&#8221;post_content&#8221; hover_enabled=&#8221;0&#8243; sticky_enabled=&#8221;0&#8243; title_text=&#8221;Flyer Campus France &#8211; UNSE 02-09&#8243;][\/et_pb_image][\/et_pb_column][\/et_pb_row][\/et_pb_section]<\/p>\n","protected":false},"excerpt":{"rendered":"<p>La Embajada de Francia en Argentina, el Institut Fran\u00e7ais d\u2019Argentine y Campus France, junto con la Universidad Nacional de Santiago del Estero, invitan a participar de la Charla \u201cEstudiar en Francia\u201d.<\/p>\n","protected":false},"author":4,"featured_media":2201,"comment_status":"closed","ping_status":"closed","sticky":false,"template":"","format":"standard","meta":{"_et_pb_use_builder":"on","_et_pb_old_content":"","_et_gb_content_width":"","footnotes":""},"categories":[1],"tags":[],"class_list":["post-2200","post","type-post","status-publish","format-standard","has-post-thumbnail","hentry","category-sin-categoria"],"yoast_head":"<!-- This site is optimized with the Yoast SEO plugin v23.7 - https:\/\/yoast.com\/wordpress\/plugins\/seo\/ -->\n<title>Invitaci\u00f3n a charla \u201cEstudiar en Francia\u201d \u2013 Universidad Nacional de Santiago del Estero - Relaciones Internacionales UNSE<\/title>\n<meta name=\"robots\" content=\"index, follow, max-snippet:-1, max-image-preview:large, max-video-preview:-1\" \/>\n<link rel=\"canonical\" href=\"https:\/\/dri.unse.edu.ar\/?p=2200\" \/>\n<meta property=\"og:locale\" content=\"es_ES\" \/>\n<meta property=\"og:type\" content=\"article\" \/>\n<meta property=\"og:title\" content=\"Invitaci\u00f3n a charla \u201cEstudiar en Francia\u201d \u2013 Universidad Nacional de Santiago del Estero - Relaciones Internacionales UNSE\" \/>\n<meta property=\"og:description\" content=\"La Embajada de Francia en Argentina, el Institut Fran\u00e7ais d\u2019Argentine y Campus France, junto con la Universidad Nacional de Santiago del Estero, invitan a participar de la Charla \u201cEstudiar en Francia\u201d.\" \/>\n<meta property=\"og:url\" content=\"https:\/\/dri.unse.edu.ar\/?p=2200\" \/>\n<meta property=\"og:site_name\" content=\"Relaciones Internacionales UNSE\" \/>\n<meta property=\"article:published_time\" content=\"2025-08-19T13:27:39+00:00\" \/>\n<meta property=\"og:image\" content=\"https:\/\/dri.unse.edu.ar\/wp-content\/uploads\/2025\/08\/charla.jpg\" \/>\n\t<meta property=\"og:image:width\" content=\"900\" \/>\n\t<meta property=\"og:image:height\" content=\"600\" \/>\n\t<meta property=\"og:image:type\" content=\"image\/jpeg\" \/>\n<meta name=\"author\" content=\"Fernando Ramirez\" \/>\n<meta name=\"twitter:card\" content=\"summary_large_image\" \/>\n<meta name=\"twitter:label1\" content=\"Escrito por\" \/>\n\t<meta name=\"twitter:data1\" content=\"Fernando Ramirez\" \/>\n\t<meta name=\"twitter:label2\" content=\"Tiempo de lectura\" \/>\n\t<meta name=\"twitter:data2\" content=\"1 minuto\" \/>\n<script type=\"application\/ld+json\" class=\"yoast-schema-graph\">{\"@context\":\"https:\/\/schema.org\",\"@graph\":[{\"@type\":\"Article\",\"@id\":\"https:\/\/dri.unse.edu.ar\/?p=2200#article\",\"isPartOf\":{\"@id\":\"https:\/\/dri.unse.edu.ar\/?p=2200\"},\"author\":{\"name\":\"Fernando Ramirez\",\"@id\":\"https:\/\/dri.unse.edu.ar\/#\/schema\/person\/496fab58fa69df6104710dd598905fcb\"},\"headline\":\"Invitaci\u00f3n a charla \u201cEstudiar en Francia\u201d \u2013 Universidad Nacional de Santiago del Estero\",\"datePublished\":\"2025-08-19T13:27:39+00:00\",\"dateModified\":\"2025-08-19T13:27:39+00:00\",\"mainEntityOfPage\":{\"@id\":\"https:\/\/dri.unse.edu.ar\/?p=2200\"},\"wordCount\":270,\"publisher\":{\"@id\":\"https:\/\/dri.unse.edu.ar\/#organization\"},\"image\":{\"@id\":\"https:\/\/dri.unse.edu.ar\/?p=2200#primaryimage\"},\"thumbnailUrl\":\"https:\/\/dri.unse.edu.ar\/wp-content\/uploads\/2025\/08\/charla.jpg\",\"inLanguage\":\"es-AR\"},{\"@type\":\"WebPage\",\"@id\":\"https:\/\/dri.unse.edu.ar\/?p=2200\",\"url\":\"https:\/\/dri.unse.edu.ar\/?p=2200\",\"name\":\"Invitaci\u00f3n a charla \u201cEstudiar en Francia\u201d \u2013 Universidad Nacional de Santiago del Estero - Relaciones Internacionales UNSE\",\"isPartOf\":{\"@id\":\"https:\/\/dri.unse.edu.ar\/#website\"},\"primaryImageOfPage\":{\"@id\":\"https:\/\/dri.unse.edu.ar\/?p=2200#primaryimage\"},\"image\":{\"@id\":\"https:\/\/dri.unse.edu.ar\/?p=2200#primaryimage\"},\"thumbnailUrl\":\"https:\/\/dri.unse.edu.ar\/wp-content\/uploads\/2025\/08\/charla.jpg\",\"datePublished\":\"2025-08-19T13:27:39+00:00\",\"dateModified\":\"2025-08-19T13:27:39+00:00\",\"breadcrumb\":{\"@id\":\"https:\/\/dri.unse.edu.ar\/?p=2200#breadcrumb\"},\"inLanguage\":\"es-AR\",\"potentialAction\":[{\"@type\":\"ReadAction\",\"target\":[\"https:\/\/dri.unse.edu.ar\/?p=2200\"]}]},{\"@type\":\"ImageObject\",\"inLanguage\":\"es-AR\",\"@id\":\"https:\/\/dri.unse.edu.ar\/?p=2200#primaryimage\",\"url\":\"https:\/\/dri.unse.edu.ar\/wp-content\/uploads\/2025\/08\/charla.jpg\",\"contentUrl\":\"https:\/\/dri.unse.edu.ar\/wp-content\/uploads\/2025\/08\/charla.jpg\",\"width\":900,\"height\":600},{\"@type\":\"BreadcrumbList\",\"@id\":\"https:\/\/dri.unse.edu.ar\/?p=2200#breadcrumb\",\"itemListElement\":[{\"@type\":\"ListItem\",\"position\":1,\"name\":\"Inicio\",\"item\":\"https:\/\/dri.unse.edu.ar\/\"},{\"@type\":\"ListItem\",\"position\":2,\"name\":\"Invitaci\u00f3n a charla \u201cEstudiar en Francia\u201d \u2013 Universidad Nacional de Santiago del Estero\"}]},{\"@type\":\"WebSite\",\"@id\":\"https:\/\/dri.unse.edu.ar\/#website\",\"url\":\"https:\/\/dri.unse.edu.ar\/\",\"name\":\"Relaciones Internacionales UNSE\",\"description\":\"\",\"publisher\":{\"@id\":\"https:\/\/dri.unse.edu.ar\/#organization\"},\"potentialAction\":[{\"@type\":\"SearchAction\",\"target\":{\"@type\":\"EntryPoint\",\"urlTemplate\":\"https:\/\/dri.unse.edu.ar\/?s={search_term_string}\"},\"query-input\":{\"@type\":\"PropertyValueSpecification\",\"valueRequired\":true,\"valueName\":\"search_term_string\"}}],\"inLanguage\":\"es-AR\"},{\"@type\":\"Organization\",\"@id\":\"https:\/\/dri.unse.edu.ar\/#organization\",\"name\":\"Universidad Nacional de Santiago del Estero\",\"url\":\"https:\/\/dri.unse.edu.ar\/\",\"logo\":{\"@type\":\"ImageObject\",\"inLanguage\":\"es-AR\",\"@id\":\"https:\/\/dri.unse.edu.ar\/#\/schema\/logo\/image\/\",\"url\":\"https:\/\/dri.unse.edu.ar\/wp-content\/uploads\/2019\/03\/logo-3.png\",\"contentUrl\":\"https:\/\/dri.unse.edu.ar\/wp-content\/uploads\/2019\/03\/logo-3.png\",\"width\":816,\"height\":882,\"caption\":\"Universidad Nacional de Santiago del Estero\"},\"image\":{\"@id\":\"https:\/\/dri.unse.edu.ar\/#\/schema\/logo\/image\/\"}},{\"@type\":\"Person\",\"@id\":\"https:\/\/dri.unse.edu.ar\/#\/schema\/person\/496fab58fa69df6104710dd598905fcb\",\"name\":\"Fernando Ramirez\",\"image\":{\"@type\":\"ImageObject\",\"inLanguage\":\"es-AR\",\"@id\":\"https:\/\/dri.unse.edu.ar\/#\/schema\/person\/image\/\",\"url\":\"https:\/\/secure.gravatar.com\/avatar\/e69d7532893031bedbb60e48f48bf927?s=96&d=mm&r=g\",\"contentUrl\":\"https:\/\/secure.gravatar.com\/avatar\/e69d7532893031bedbb60e48f48bf927?s=96&d=mm&r=g\",\"caption\":\"Fernando Ramirez\"}}]}<\/script>\n<!-- \/ Yoast SEO plugin. -->","yoast_head_json":{"title":"Invitaci\u00f3n a charla \u201cEstudiar en Francia\u201d \u2013 Universidad Nacional de Santiago del Estero - Relaciones Internacionales UNSE","robots":{"index":"index","follow":"follow","max-snippet":"max-snippet:-1","max-image-preview":"max-image-preview:large","max-video-preview":"max-video-preview:-1"},"canonical":"https:\/\/dri.unse.edu.ar\/?p=2200","og_locale":"es_ES","og_type":"article","og_title":"Invitaci\u00f3n a charla \u201cEstudiar en Francia\u201d \u2013 Universidad Nacional de Santiago del Estero - Relaciones Internacionales UNSE","og_description":"La Embajada de Francia en Argentina, el Institut Fran\u00e7ais d\u2019Argentine y Campus France, junto con la Universidad Nacional de Santiago del Estero, invitan a participar de la Charla \u201cEstudiar en Francia\u201d.","og_url":"https:\/\/dri.unse.edu.ar\/?p=2200","og_site_name":"Relaciones Internacionales UNSE","article_published_time":"2025-08-19T13:27:39+00:00","og_image":[{"width":900,"height":600,"url":"https:\/\/dri.unse.edu.ar\/wp-content\/uploads\/2025\/08\/charla.jpg","type":"image\/jpeg"}],"author":"Fernando Ramirez","twitter_card":"summary_large_image","twitter_misc":{"Escrito por":"Fernando Ramirez","Tiempo de lectura":"1 minuto"},"schema":{"@context":"https:\/\/schema.org","@graph":[{"@type":"Article","@id":"https:\/\/dri.unse.edu.ar\/?p=2200#article","isPartOf":{"@id":"https:\/\/dri.unse.edu.ar\/?p=2200"},"author":{"name":"Fernando Ramirez","@id":"https:\/\/dri.unse.edu.ar\/#\/schema\/person\/496fab58fa69df6104710dd598905fcb"},"headline":"Invitaci\u00f3n a charla \u201cEstudiar en Francia\u201d \u2013 Universidad Nacional de Santiago del Estero","datePublished":"2025-08-19T13:27:39+00:00","dateModified":"2025-08-19T13:27:39+00:00","mainEntityOfPage":{"@id":"https:\/\/dri.unse.edu.ar\/?p=2200"},"wordCount":270,"publisher":{"@id":"https:\/\/dri.unse.edu.ar\/#organization"},"image":{"@id":"https:\/\/dri.unse.edu.ar\/?p=2200#primaryimage"},"thumbnailUrl":"https:\/\/dri.unse.edu.ar\/wp-content\/uploads\/2025\/08\/charla.jpg","inLanguage":"es-AR"},{"@type":"WebPage","@id":"https:\/\/dri.unse.edu.ar\/?p=2200","url":"https:\/\/dri.unse.edu.ar\/?p=2200","name":"Invitaci\u00f3n a charla \u201cEstudiar en Francia\u201d \u2013 Universidad Nacional de Santiago del Estero - Relaciones Internacionales UNSE","isPartOf":{"@id":"https:\/\/dri.unse.edu.ar\/#website"},"primaryImageOfPage":{"@id":"https:\/\/dri.unse.edu.ar\/?p=2200#primaryimage"},"image":{"@id":"https:\/\/dri.unse.edu.ar\/?p=2200#primaryimage"},"thumbnailUrl":"https:\/\/dri.unse.edu.ar\/wp-content\/uploads\/2025\/08\/charla.jpg","datePublished":"2025-08-19T13:27:39+00:00","dateModified":"2025-08-19T13:27:39+00:00","breadcrumb":{"@id":"https:\/\/dri.unse.edu.ar\/?p=2200#breadcrumb"},"inLanguage":"es-AR","potentialAction":[{"@type":"ReadAction","target":["https:\/\/dri.unse.edu.ar\/?p=2200"]}]},{"@type":"ImageObject","inLanguage":"es-AR","@id":"https:\/\/dri.unse.edu.ar\/?p=2200#primaryimage","url":"https:\/\/dri.unse.edu.ar\/wp-content\/uploads\/2025\/08\/charla.jpg","contentUrl":"https:\/\/dri.unse.edu.ar\/wp-content\/uploads\/2025\/08\/charla.jpg","width":900,"height":600},{"@type":"BreadcrumbList","@id":"https:\/\/dri.unse.edu.ar\/?p=2200#breadcrumb","itemListElement":[{"@type":"ListItem","position":1,"name":"Inicio","item":"https:\/\/dri.unse.edu.ar\/"},{"@type":"ListItem","position":2,"name":"Invitaci\u00f3n a charla \u201cEstudiar en Francia\u201d \u2013 Universidad Nacional de Santiago del Estero"}]},{"@type":"WebSite","@id":"https:\/\/dri.unse.edu.ar\/#website","url":"https:\/\/dri.unse.edu.ar\/","name":"Relaciones Internacionales UNSE","description":"","publisher":{"@id":"https:\/\/dri.unse.edu.ar\/#organization"},"potentialAction":[{"@type":"SearchAction","target":{"@type":"EntryPoint","urlTemplate":"https:\/\/dri.unse.edu.ar\/?s={search_term_string}"},"query-input":{"@type":"PropertyValueSpecification","valueRequired":true,"valueName":"search_term_string"}}],"inLanguage":"es-AR"},{"@type":"Organization","@id":"https:\/\/dri.unse.edu.ar\/#organization","name":"Universidad Nacional de Santiago del Estero","url":"https:\/\/dri.unse.edu.ar\/","logo":{"@type":"ImageObject","inLanguage":"es-AR","@id":"https:\/\/dri.unse.edu.ar\/#\/schema\/logo\/image\/","url":"https:\/\/dri.unse.edu.ar\/wp-content\/uploads\/2019\/03\/logo-3.png","contentUrl":"https:\/\/dri.unse.edu.ar\/wp-content\/uploads\/2019\/03\/logo-3.png","width":816,"height":882,"caption":"Universidad Nacional de Santiago del Estero"},"image":{"@id":"https:\/\/dri.unse.edu.ar\/#\/schema\/logo\/image\/"}},{"@type":"Person","@id":"https:\/\/dri.unse.edu.ar\/#\/schema\/person\/496fab58fa69df6104710dd598905fcb","name":"Fernando Ramirez","image":{"@type":"ImageObject","inLanguage":"es-AR","@id":"https:\/\/dri.unse.edu.ar\/#\/schema\/person\/image\/","url":"https:\/\/secure.gravatar.com\/avatar\/e69d7532893031bedbb60e48f48bf927?s=96&d=mm&r=g","contentUrl":"https:\/\/secure.gravatar.com\/avatar\/e69d7532893031bedbb60e48f48bf927?s=96&d=mm&r=g","caption":"Fernando Ramirez"}}]}},"_links":{"self":[{"href":"https:\/\/dri.unse.edu.ar\/index.php?rest_route=\/wp\/v2\/posts\/2200"}],"collection":[{"href":"https:\/\/dri.unse.edu.ar\/index.php?rest_route=\/wp\/v2\/posts"}],"about":[{"href":"https:\/\/dri.unse.edu.ar\/index.php?rest_route=\/wp\/v2\/types\/post"}],"author":[{"embeddable":true,"href":"https:\/\/dri.unse.edu.ar\/index.php?rest_route=\/wp\/v2\/users\/4"}],"replies":[{"embeddable":true,"href":"https:\/\/dri.unse.edu.ar\/index.php?rest_route=%2Fwp%2Fv2%2Fcomments&post=2200"}],"version-history":[{"count":3,"href":"https:\/\/dri.unse.edu.ar\/index.php?rest_route=\/wp\/v2\/posts\/2200\/revisions"}],"predecessor-version":[{"id":2206,"href":"https:\/\/dri.unse.edu.ar\/index.php?rest_route=\/wp\/v2\/posts\/2200\/revisions\/2206"}],"wp:featuredmedia":[{"embeddable":true,"href":"https:\/\/dri.unse.edu.ar\/index.php?rest_route=\/wp\/v2\/media\/2201"}],"wp:attachment":[{"href":"https:\/\/dri.unse.edu.ar\/index.php?rest_route=%2Fwp%2Fv2%2Fmedia&parent=2200"}],"wp:term":[{"taxonomy":"category","embeddable":true,"href":"https:\/\/dri.unse.edu.ar\/index.php?rest_route=%2Fwp%2Fv2%2Fcategories&post=2200"},{"taxonomy":"post_tag","embeddable":true,"href":"https:\/\/dri.unse.edu.ar\/index.php?rest_route=%2Fwp%2Fv2%2Ftags&post=2200"}],"curies":[{"name":"wp","href":"https:\/\/api.w.org\/{rel}","templated":true}]}}