{"id":2171,"date":"2025-06-07T13:14:14","date_gmt":"2025-06-07T16:14:14","guid":{"rendered":"https:\/\/dri.unse.edu.ar\/?p=2171"},"modified":"2025-06-07T13:14:14","modified_gmt":"2025-06-07T16:14:14","slug":"convocatoria-colegio-mayor-argentino-nuestra-senora-de-lujan-madrid-espana","status":"publish","type":"post","link":"https:\/\/dri.unse.edu.ar\/?p=2171","title":{"rendered":"Convocatoria: Colegio Mayor Argentino &#8220;Nuestra Se\u00f1ora de Luj\u00e1n&#8221; (Madrid, Espa\u00f1a)"},"content":{"rendered":"<p>[et_pb_section fb_built=&#8221;1&#8243; admin_label=&#8221;section&#8221; _builder_version=&#8221;4.27.2&#8243; background_color=&#8221;#FFFFFF&#8221; global_colors_info=&#8221;{}&#8221; theme_builder_area=&#8221;post_content&#8221;][et_pb_row admin_label=&#8221;row&#8221; _builder_version=&#8221;4.16&#8243; background_size=&#8221;initial&#8221; background_position=&#8221;top_left&#8221; background_repeat=&#8221;repeat&#8221; width=&#8221;100%&#8221; min_height=&#8221;890.4px&#8221; custom_margin=&#8221;|auto|-477px|auto||&#8221; global_colors_info=&#8221;{}&#8221; theme_builder_area=&#8221;post_content&#8221;][et_pb_column type=&#8221;4_4&#8243; _builder_version=&#8221;4.16&#8243; custom_padding=&#8221;|||&#8221; global_colors_info=&#8221;{}&#8221; custom_padding__hover=&#8221;|||&#8221; theme_builder_area=&#8221;post_content&#8221;][et_pb_text admin_label=&#8221;Text&#8221; _builder_version=&#8221;4.16&#8243; background_size=&#8221;initial&#8221; background_position=&#8221;top_left&#8221; background_repeat=&#8221;repeat&#8221; custom_padding=&#8221;||0px|||&#8221; global_colors_info=&#8221;{}&#8221; theme_builder_area=&#8221;post_content&#8221;]<\/p>\n<p data-start=\"173\" data-end=\"406\">El Ministerio de Capital Humano informa que se encuentra abierta la convocatoria para el otorgamiento de plazas en el <strong data-start=\"291\" data-end=\"344\">Colegio Mayor Argentino &#8220;Nuestra Se\u00f1ora de Luj\u00e1n&#8221;<\/strong>, en Madrid, Espa\u00f1a, correspondiente al per\u00edodo <strong data-start=\"392\" data-end=\"405\">2025\u20132026<\/strong>.<\/p>\n<p data-start=\"408\" data-end=\"553\">\ud83d\udccc <strong data-start=\"411\" data-end=\"442\">Fecha l\u00edmite para postular:<\/strong> lunes 30 de junio de 2025<br data-start=\"468\" data-end=\"471\" \/>\ud83d\udcc5 <strong data-start=\"474\" data-end=\"501\">Per\u00edodo de alojamiento:<\/strong> del 1\u00b0 de septiembre de 2025 al 31 de julio de 2026<\/p>\n<p data-start=\"555\" data-end=\"573\">Podr\u00e1n postularse:<\/p>\n<ul data-start=\"574\" data-end=\"907\">\n<li data-start=\"574\" data-end=\"627\">\n<p data-start=\"576\" data-end=\"627\">Estudiantes o graduados\/as de Educaci\u00f3n Superior.<\/p>\n<\/li>\n<li data-start=\"628\" data-end=\"786\">\n<p data-start=\"630\" data-end=\"786\">Personas sin t\u00edtulo terciario\/universitario que acrediten experiencia o formaci\u00f3n equivalente en \u00e1reas cient\u00edficas, tecnol\u00f3gicas, art\u00edsticas o deportivas.<\/p>\n<\/li>\n<li data-start=\"787\" data-end=\"907\">\n<p data-start=\"789\" data-end=\"907\">Personas que contribuyan a difundir la cultura argentina en Espa\u00f1a, ya sea en misi\u00f3n oficial o por iniciativa privada.<\/p>\n<\/li>\n<\/ul>\n<p data-start=\"909\" data-end=\"1034\">La convocatoria est\u00e1 dirigida tanto a <strong data-start=\"947\" data-end=\"972\">nuevos\/as postulantes<\/strong> como a quienes ya hayan residido en el Colegio anteriormente.<\/p>\n<p data-start=\"1036\" data-end=\"1133\">\ud83d\udcc4 Para conocer requisitos y acceder al formulario de postulaci\u00f3n, consulte el documento adjunto.<\/p>\n<p data-start=\"1036\" data-end=\"1133\"><strong><a href=\"https:\/\/dri.unse.edu.ar\/wp-content\/uploads\/2025\/06\/Colegio-Mayor-Argentino.pdf\"><span style=\"text-decoration: underline;\">Colegio Mayor Argentino.pdf<\/span><\/a><\/strong><\/p>\n<p data-start=\"1036\" data-end=\"1133\">\n<p>[\/et_pb_text][\/et_pb_column][\/et_pb_row][\/et_pb_section]<\/p>\n","protected":false},"excerpt":{"rendered":"<p>El Ministerio de Capital Humano informa que se encuentra abierta la convocatoria para el otorgamiento de plazas en el Colegio Mayor Argentino &#8220;Nuestra Se\u00f1ora de Luj\u00e1n&#8221;, en Madrid, Espa\u00f1a, correspondiente al per\u00edodo 2025\u20132026.<\/p>\n","protected":false},"author":4,"featured_media":2172,"comment_status":"closed","ping_status":"closed","sticky":false,"template":"","format":"standard","meta":{"_et_pb_use_builder":"on","_et_pb_old_content":"","_et_gb_content_width":"","footnotes":""},"categories":[1],"tags":[],"class_list":["post-2171","post","type-post","status-publish","format-standard","has-post-thumbnail","hentry","category-sin-categoria"],"yoast_head":"<!-- This site is optimized with the Yoast SEO plugin v23.7 - https:\/\/yoast.com\/wordpress\/plugins\/seo\/ -->\n<title>Convocatoria: Colegio Mayor Argentino &quot;Nuestra Se\u00f1ora de Luj\u00e1n&quot; (Madrid, Espa\u00f1a) - Relaciones Internacionales UNSE<\/title>\n<meta name=\"robots\" content=\"index, follow, max-snippet:-1, max-image-preview:large, max-video-preview:-1\" \/>\n<link rel=\"canonical\" href=\"https:\/\/dri.unse.edu.ar\/?p=2171\" \/>\n<meta property=\"og:locale\" content=\"es_ES\" \/>\n<meta property=\"og:type\" content=\"article\" \/>\n<meta property=\"og:title\" content=\"Convocatoria: Colegio Mayor Argentino &quot;Nuestra Se\u00f1ora de Luj\u00e1n&quot; (Madrid, Espa\u00f1a) - Relaciones Internacionales UNSE\" \/>\n<meta property=\"og:description\" content=\"El Ministerio de Capital Humano informa que se encuentra abierta la convocatoria para el otorgamiento de plazas en el Colegio Mayor Argentino &quot;Nuestra Se\u00f1ora de Luj\u00e1n&quot;, en Madrid, Espa\u00f1a, correspondiente al per\u00edodo 2025\u20132026.\" \/>\n<meta property=\"og:url\" content=\"https:\/\/dri.unse.edu.ar\/?p=2171\" \/>\n<meta property=\"og:site_name\" content=\"Relaciones Internacionales UNSE\" \/>\n<meta property=\"article:published_time\" content=\"2025-06-07T16:14:14+00:00\" \/>\n<meta property=\"og:image\" content=\"https:\/\/dri.unse.edu.ar\/wp-content\/uploads\/2025\/06\/Colegio-Mayor-Argentino.jpg\" \/>\n\t<meta property=\"og:image:width\" content=\"900\" \/>\n\t<meta property=\"og:image:height\" content=\"600\" \/>\n\t<meta property=\"og:image:type\" content=\"image\/jpeg\" \/>\n<meta name=\"author\" content=\"Fernando Ramirez\" \/>\n<meta name=\"twitter:card\" content=\"summary_large_image\" \/>\n<meta name=\"twitter:label1\" content=\"Escrito por\" \/>\n\t<meta name=\"twitter:data1\" content=\"Fernando Ramirez\" \/>\n\t<meta name=\"twitter:label2\" content=\"Tiempo de lectura\" \/>\n\t<meta name=\"twitter:data2\" content=\"1 minuto\" \/>\n<script type=\"application\/ld+json\" class=\"yoast-schema-graph\">{\"@context\":\"https:\/\/schema.org\",\"@graph\":[{\"@type\":\"Article\",\"@id\":\"https:\/\/dri.unse.edu.ar\/?p=2171#article\",\"isPartOf\":{\"@id\":\"https:\/\/dri.unse.edu.ar\/?p=2171\"},\"author\":{\"name\":\"Fernando Ramirez\",\"@id\":\"https:\/\/dri.unse.edu.ar\/#\/schema\/person\/496fab58fa69df6104710dd598905fcb\"},\"headline\":\"Convocatoria: Colegio Mayor Argentino &#8220;Nuestra Se\u00f1ora de Luj\u00e1n&#8221; (Madrid, Espa\u00f1a)\",\"datePublished\":\"2025-06-07T16:14:14+00:00\",\"dateModified\":\"2025-06-07T16:14:14+00:00\",\"mainEntityOfPage\":{\"@id\":\"https:\/\/dri.unse.edu.ar\/?p=2171\"},\"wordCount\":279,\"publisher\":{\"@id\":\"https:\/\/dri.unse.edu.ar\/#organization\"},\"image\":{\"@id\":\"https:\/\/dri.unse.edu.ar\/?p=2171#primaryimage\"},\"thumbnailUrl\":\"https:\/\/dri.unse.edu.ar\/wp-content\/uploads\/2025\/06\/Colegio-Mayor-Argentino.jpg\",\"inLanguage\":\"es-AR\"},{\"@type\":\"WebPage\",\"@id\":\"https:\/\/dri.unse.edu.ar\/?p=2171\",\"url\":\"https:\/\/dri.unse.edu.ar\/?p=2171\",\"name\":\"Convocatoria: Colegio Mayor Argentino \\\"Nuestra Se\u00f1ora de Luj\u00e1n\\\" (Madrid, Espa\u00f1a) - Relaciones Internacionales UNSE\",\"isPartOf\":{\"@id\":\"https:\/\/dri.unse.edu.ar\/#website\"},\"primaryImageOfPage\":{\"@id\":\"https:\/\/dri.unse.edu.ar\/?p=2171#primaryimage\"},\"image\":{\"@id\":\"https:\/\/dri.unse.edu.ar\/?p=2171#primaryimage\"},\"thumbnailUrl\":\"https:\/\/dri.unse.edu.ar\/wp-content\/uploads\/2025\/06\/Colegio-Mayor-Argentino.jpg\",\"datePublished\":\"2025-06-07T16:14:14+00:00\",\"dateModified\":\"2025-06-07T16:14:14+00:00\",\"breadcrumb\":{\"@id\":\"https:\/\/dri.unse.edu.ar\/?p=2171#breadcrumb\"},\"inLanguage\":\"es-AR\",\"potentialAction\":[{\"@type\":\"ReadAction\",\"target\":[\"https:\/\/dri.unse.edu.ar\/?p=2171\"]}]},{\"@type\":\"ImageObject\",\"inLanguage\":\"es-AR\",\"@id\":\"https:\/\/dri.unse.edu.ar\/?p=2171#primaryimage\",\"url\":\"https:\/\/dri.unse.edu.ar\/wp-content\/uploads\/2025\/06\/Colegio-Mayor-Argentino.jpg\",\"contentUrl\":\"https:\/\/dri.unse.edu.ar\/wp-content\/uploads\/2025\/06\/Colegio-Mayor-Argentino.jpg\",\"width\":900,\"height\":600},{\"@type\":\"BreadcrumbList\",\"@id\":\"https:\/\/dri.unse.edu.ar\/?p=2171#breadcrumb\",\"itemListElement\":[{\"@type\":\"ListItem\",\"position\":1,\"name\":\"Inicio\",\"item\":\"https:\/\/dri.unse.edu.ar\/\"},{\"@type\":\"ListItem\",\"position\":2,\"name\":\"Convocatoria: Colegio Mayor Argentino &#8220;Nuestra Se\u00f1ora de Luj\u00e1n&#8221; (Madrid, Espa\u00f1a)\"}]},{\"@type\":\"WebSite\",\"@id\":\"https:\/\/dri.unse.edu.ar\/#website\",\"url\":\"https:\/\/dri.unse.edu.ar\/\",\"name\":\"Relaciones Internacionales UNSE\",\"description\":\"\",\"publisher\":{\"@id\":\"https:\/\/dri.unse.edu.ar\/#organization\"},\"potentialAction\":[{\"@type\":\"SearchAction\",\"target\":{\"@type\":\"EntryPoint\",\"urlTemplate\":\"https:\/\/dri.unse.edu.ar\/?s={search_term_string}\"},\"query-input\":{\"@type\":\"PropertyValueSpecification\",\"valueRequired\":true,\"valueName\":\"search_term_string\"}}],\"inLanguage\":\"es-AR\"},{\"@type\":\"Organization\",\"@id\":\"https:\/\/dri.unse.edu.ar\/#organization\",\"name\":\"Universidad Nacional de Santiago del Estero\",\"url\":\"https:\/\/dri.unse.edu.ar\/\",\"logo\":{\"@type\":\"ImageObject\",\"inLanguage\":\"es-AR\",\"@id\":\"https:\/\/dri.unse.edu.ar\/#\/schema\/logo\/image\/\",\"url\":\"https:\/\/dri.unse.edu.ar\/wp-content\/uploads\/2019\/03\/logo-3.png\",\"contentUrl\":\"https:\/\/dri.unse.edu.ar\/wp-content\/uploads\/2019\/03\/logo-3.png\",\"width\":816,\"height\":882,\"caption\":\"Universidad Nacional de Santiago del Estero\"},\"image\":{\"@id\":\"https:\/\/dri.unse.edu.ar\/#\/schema\/logo\/image\/\"}},{\"@type\":\"Person\",\"@id\":\"https:\/\/dri.unse.edu.ar\/#\/schema\/person\/496fab58fa69df6104710dd598905fcb\",\"name\":\"Fernando Ramirez\",\"image\":{\"@type\":\"ImageObject\",\"inLanguage\":\"es-AR\",\"@id\":\"https:\/\/dri.unse.edu.ar\/#\/schema\/person\/image\/\",\"url\":\"https:\/\/secure.gravatar.com\/avatar\/e69d7532893031bedbb60e48f48bf927?s=96&d=mm&r=g\",\"contentUrl\":\"https:\/\/secure.gravatar.com\/avatar\/e69d7532893031bedbb60e48f48bf927?s=96&d=mm&r=g\",\"caption\":\"Fernando Ramirez\"}}]}<\/script>\n<!-- \/ Yoast SEO plugin. -->","yoast_head_json":{"title":"Convocatoria: Colegio Mayor Argentino \"Nuestra Se\u00f1ora de Luj\u00e1n\" (Madrid, Espa\u00f1a) - Relaciones Internacionales UNSE","robots":{"index":"index","follow":"follow","max-snippet":"max-snippet:-1","max-image-preview":"max-image-preview:large","max-video-preview":"max-video-preview:-1"},"canonical":"https:\/\/dri.unse.edu.ar\/?p=2171","og_locale":"es_ES","og_type":"article","og_title":"Convocatoria: Colegio Mayor Argentino \"Nuestra Se\u00f1ora de Luj\u00e1n\" (Madrid, Espa\u00f1a) - Relaciones Internacionales UNSE","og_description":"El Ministerio de Capital Humano informa que se encuentra abierta la convocatoria para el otorgamiento de plazas en el Colegio Mayor Argentino \"Nuestra Se\u00f1ora de Luj\u00e1n\", en Madrid, Espa\u00f1a, correspondiente al per\u00edodo 2025\u20132026.","og_url":"https:\/\/dri.unse.edu.ar\/?p=2171","og_site_name":"Relaciones Internacionales UNSE","article_published_time":"2025-06-07T16:14:14+00:00","og_image":[{"width":900,"height":600,"url":"https:\/\/dri.unse.edu.ar\/wp-content\/uploads\/2025\/06\/Colegio-Mayor-Argentino.jpg","type":"image\/jpeg"}],"author":"Fernando Ramirez","twitter_card":"summary_large_image","twitter_misc":{"Escrito por":"Fernando Ramirez","Tiempo de lectura":"1 minuto"},"schema":{"@context":"https:\/\/schema.org","@graph":[{"@type":"Article","@id":"https:\/\/dri.unse.edu.ar\/?p=2171#article","isPartOf":{"@id":"https:\/\/dri.unse.edu.ar\/?p=2171"},"author":{"name":"Fernando Ramirez","@id":"https:\/\/dri.unse.edu.ar\/#\/schema\/person\/496fab58fa69df6104710dd598905fcb"},"headline":"Convocatoria: Colegio Mayor Argentino &#8220;Nuestra Se\u00f1ora de Luj\u00e1n&#8221; (Madrid, Espa\u00f1a)","datePublished":"2025-06-07T16:14:14+00:00","dateModified":"2025-06-07T16:14:14+00:00","mainEntityOfPage":{"@id":"https:\/\/dri.unse.edu.ar\/?p=2171"},"wordCount":279,"publisher":{"@id":"https:\/\/dri.unse.edu.ar\/#organization"},"image":{"@id":"https:\/\/dri.unse.edu.ar\/?p=2171#primaryimage"},"thumbnailUrl":"https:\/\/dri.unse.edu.ar\/wp-content\/uploads\/2025\/06\/Colegio-Mayor-Argentino.jpg","inLanguage":"es-AR"},{"@type":"WebPage","@id":"https:\/\/dri.unse.edu.ar\/?p=2171","url":"https:\/\/dri.unse.edu.ar\/?p=2171","name":"Convocatoria: Colegio Mayor Argentino \"Nuestra Se\u00f1ora de Luj\u00e1n\" (Madrid, Espa\u00f1a) - Relaciones Internacionales UNSE","isPartOf":{"@id":"https:\/\/dri.unse.edu.ar\/#website"},"primaryImageOfPage":{"@id":"https:\/\/dri.unse.edu.ar\/?p=2171#primaryimage"},"image":{"@id":"https:\/\/dri.unse.edu.ar\/?p=2171#primaryimage"},"thumbnailUrl":"https:\/\/dri.unse.edu.ar\/wp-content\/uploads\/2025\/06\/Colegio-Mayor-Argentino.jpg","datePublished":"2025-06-07T16:14:14+00:00","dateModified":"2025-06-07T16:14:14+00:00","breadcrumb":{"@id":"https:\/\/dri.unse.edu.ar\/?p=2171#breadcrumb"},"inLanguage":"es-AR","potentialAction":[{"@type":"ReadAction","target":["https:\/\/dri.unse.edu.ar\/?p=2171"]}]},{"@type":"ImageObject","inLanguage":"es-AR","@id":"https:\/\/dri.unse.edu.ar\/?p=2171#primaryimage","url":"https:\/\/dri.unse.edu.ar\/wp-content\/uploads\/2025\/06\/Colegio-Mayor-Argentino.jpg","contentUrl":"https:\/\/dri.unse.edu.ar\/wp-content\/uploads\/2025\/06\/Colegio-Mayor-Argentino.jpg","width":900,"height":600},{"@type":"BreadcrumbList","@id":"https:\/\/dri.unse.edu.ar\/?p=2171#breadcrumb","itemListElement":[{"@type":"ListItem","position":1,"name":"Inicio","item":"https:\/\/dri.unse.edu.ar\/"},{"@type":"ListItem","position":2,"name":"Convocatoria: Colegio Mayor Argentino &#8220;Nuestra Se\u00f1ora de Luj\u00e1n&#8221; (Madrid, Espa\u00f1a)"}]},{"@type":"WebSite","@id":"https:\/\/dri.unse.edu.ar\/#website","url":"https:\/\/dri.unse.edu.ar\/","name":"Relaciones Internacionales UNSE","description":"","publisher":{"@id":"https:\/\/dri.unse.edu.ar\/#organization"},"potentialAction":[{"@type":"SearchAction","target":{"@type":"EntryPoint","urlTemplate":"https:\/\/dri.unse.edu.ar\/?s={search_term_string}"},"query-input":{"@type":"PropertyValueSpecification","valueRequired":true,"valueName":"search_term_string"}}],"inLanguage":"es-AR"},{"@type":"Organization","@id":"https:\/\/dri.unse.edu.ar\/#organization","name":"Universidad Nacional de Santiago del Estero","url":"https:\/\/dri.unse.edu.ar\/","logo":{"@type":"ImageObject","inLanguage":"es-AR","@id":"https:\/\/dri.unse.edu.ar\/#\/schema\/logo\/image\/","url":"https:\/\/dri.unse.edu.ar\/wp-content\/uploads\/2019\/03\/logo-3.png","contentUrl":"https:\/\/dri.unse.edu.ar\/wp-content\/uploads\/2019\/03\/logo-3.png","width":816,"height":882,"caption":"Universidad Nacional de Santiago del Estero"},"image":{"@id":"https:\/\/dri.unse.edu.ar\/#\/schema\/logo\/image\/"}},{"@type":"Person","@id":"https:\/\/dri.unse.edu.ar\/#\/schema\/person\/496fab58fa69df6104710dd598905fcb","name":"Fernando Ramirez","image":{"@type":"ImageObject","inLanguage":"es-AR","@id":"https:\/\/dri.unse.edu.ar\/#\/schema\/person\/image\/","url":"https:\/\/secure.gravatar.com\/avatar\/e69d7532893031bedbb60e48f48bf927?s=96&d=mm&r=g","contentUrl":"https:\/\/secure.gravatar.com\/avatar\/e69d7532893031bedbb60e48f48bf927?s=96&d=mm&r=g","caption":"Fernando Ramirez"}}]}},"_links":{"self":[{"href":"https:\/\/dri.unse.edu.ar\/index.php?rest_route=\/wp\/v2\/posts\/2171"}],"collection":[{"href":"https:\/\/dri.unse.edu.ar\/index.php?rest_route=\/wp\/v2\/posts"}],"about":[{"href":"https:\/\/dri.unse.edu.ar\/index.php?rest_route=\/wp\/v2\/types\/post"}],"author":[{"embeddable":true,"href":"https:\/\/dri.unse.edu.ar\/index.php?rest_route=\/wp\/v2\/users\/4"}],"replies":[{"embeddable":true,"href":"https:\/\/dri.unse.edu.ar\/index.php?rest_route=%2Fwp%2Fv2%2Fcomments&post=2171"}],"version-history":[{"count":3,"href":"https:\/\/dri.unse.edu.ar\/index.php?rest_route=\/wp\/v2\/posts\/2171\/revisions"}],"predecessor-version":[{"id":2177,"href":"https:\/\/dri.unse.edu.ar\/index.php?rest_route=\/wp\/v2\/posts\/2171\/revisions\/2177"}],"wp:featuredmedia":[{"embeddable":true,"href":"https:\/\/dri.unse.edu.ar\/index.php?rest_route=\/wp\/v2\/media\/2172"}],"wp:attachment":[{"href":"https:\/\/dri.unse.edu.ar\/index.php?rest_route=%2Fwp%2Fv2%2Fmedia&parent=2171"}],"wp:term":[{"taxonomy":"category","embeddable":true,"href":"https:\/\/dri.unse.edu.ar\/index.php?rest_route=%2Fwp%2Fv2%2Fcategories&post=2171"},{"taxonomy":"post_tag","embeddable":true,"href":"https:\/\/dri.unse.edu.ar\/index.php?rest_route=%2Fwp%2Fv2%2Ftags&post=2171"}],"curies":[{"name":"wp","href":"https:\/\/api.w.org\/{rel}","templated":true}]}}