{"id":2138,"date":"2025-04-09T16:09:42","date_gmt":"2025-04-09T19:09:42","guid":{"rendered":"https:\/\/dri.unse.edu.ar\/?p=2138"},"modified":"2025-04-09T16:10:13","modified_gmt":"2025-04-09T19:10:13","slug":"nuevas-convocatorias-internacionales-campus-argentina-global","status":"publish","type":"post","link":"https:\/\/dri.unse.edu.ar\/?p=2138","title":{"rendered":"Nuevas Convocatorias Internacionales \u2013 Campus Argentina Global"},"content":{"rendered":"<p>[et_pb_section fb_built=&#8221;1&#8243; admin_label=&#8221;section&#8221; _builder_version=&#8221;4.27.2&#8243; background_color=&#8221;#FFFFFF&#8221; global_colors_info=&#8221;{}&#8221; theme_builder_area=&#8221;post_content&#8221;][et_pb_row admin_label=&#8221;row&#8221; _builder_version=&#8221;4.16&#8243; background_size=&#8221;initial&#8221; background_position=&#8221;top_left&#8221; background_repeat=&#8221;repeat&#8221; width=&#8221;100%&#8221; min_height=&#8221;890.4px&#8221; global_colors_info=&#8221;{}&#8221; theme_builder_area=&#8221;post_content&#8221;][et_pb_column type=&#8221;4_4&#8243; _builder_version=&#8221;4.16&#8243; custom_padding=&#8221;|||&#8221; global_colors_info=&#8221;{}&#8221; custom_padding__hover=&#8221;|||&#8221; theme_builder_area=&#8221;post_content&#8221;][et_pb_text admin_label=&#8221;Text&#8221; _builder_version=&#8221;4.16&#8243; background_size=&#8221;initial&#8221; background_position=&#8221;top_left&#8221; background_repeat=&#8221;repeat&#8221; global_colors_info=&#8221;{}&#8221; theme_builder_area=&#8221;post_content&#8221;]<\/p>\n<p data-pm-slice=\"1 1 []\"><span>Se encuentran abiertas nuevas convocatorias internacionales para becas, programas de investigaci\u00f3n y cooperaci\u00f3n cient\u00edfica. A continuaci\u00f3n, compartimos las oportunidades vigentes:<\/span><\/p>\n<h3><span>Becas y Programas Internacionales<\/span><\/h3>\n<p><span><strong>Becas de la Agencia Rumana de Inversiones y Comercio Exterior en Rumania<\/strong><\/span><span> (Cierre 15\/5)<\/span><br \/><span>M\u00e1s informaci\u00f3n: <\/span><a href=\"https:\/\/www.argentina.gob.ar\/becas-de-la-agencia-rumana-de-inversiones-y-comercio-exterior-en-rumania\" disabled=\"disabled\"><span>https:\/\/www.argentina.gob.ar\/becas-de-la-agencia-rumana-de-inversiones-y-comercio-exterior-en-rumania<\/span><\/a><\/p>\n<p><span><strong>Programa CLIMAT-AmSud entre Francia y Argentina<\/strong><\/span><span> (Cierre 15\/5)<\/span><br \/><span>M\u00e1s informaci\u00f3n: <\/span><a href=\"https:\/\/www.argentina.gob.ar\/educacion\/campusargentinaglobal\/becas-extranjero\/climat-amsud-francia-argentina\" disabled=\"disabled\"><span>https:\/\/www.argentina.gob.ar\/educacion\/campusargentinaglobal\/becas-extranjero\/climat-amsud-francia-argentina<\/span><\/a><\/p>\n<p><span><strong>Programa MATH-AmSud entre Francia y Argentina<\/strong><\/span><span> (Cierre 15\/5)<\/span><br \/><span>M\u00e1s informaci\u00f3n: <\/span><a href=\"https:\/\/www.argentina.gob.ar\/educacion\/campusargentinaglobal\/becas-extranjero\/math-amsud-francia-argentina\" disabled=\"disabled\"><span>https:\/\/www.argentina.gob.ar\/educacion\/campusargentinaglobal\/becas-extranjero\/math-amsud-francia-argentina<\/span><\/a><\/p>\n<p><span><strong>Programa STIC-AmSud entre Francia y Argentina<\/strong><\/span><span> (Cierre 15\/5)<\/span><br \/><span>M\u00e1s informaci\u00f3n: <\/span><a href=\"https:\/\/www.argentina.gob.ar\/educacion\/campusargentinaglobal\/becas-extranjero\/stic-amsud-francia-argentina\" disabled=\"disabled\"><span>https:\/\/www.argentina.gob.ar\/educacion\/campusargentinaglobal\/becas-extranjero\/stic-amsud-francia-argentina<\/span><\/a><\/p>\n<p><span><strong>Programas del CUAA-DAHZ para argentinos en Alemania<\/strong><\/span><span> (Cierre 13\/6)<\/span><br \/><span>Ingresar al link y buscar &#8220;Convocatoria Semilla 2026&#8221;.<\/span><br \/><span>M\u00e1s informaci\u00f3n: <\/span><a href=\"https:\/\/www.argentina.gob.ar\/programas-del-cuaa-dahz-para-argentinos-en-alemania\" disabled=\"disabled\"><span>https:\/\/www.argentina.gob.ar\/programas-del-cuaa-dahz-para-argentinos-en-alemania<\/span><\/a><\/p>\n<p><span><strong>Becas de investigaci\u00f3n de la Fundaci\u00f3n Internacional Matsumae en Jap\u00f3n<\/strong><\/span><span> (Cierre 30\/6)<\/span><br \/><span>M\u00e1s informaci\u00f3n: <\/span><a href=\"https:\/\/www.argentina.gob.ar\/educacion\/campusglobal\/becas-extranjero\/investigacion-matsumae-japon\" disabled=\"disabled\"><span>https:\/\/www.argentina.gob.ar\/educacion\/campusglobal\/becas-extranjero\/investigacion-matsumae-japon<\/span><\/a><\/p>\n<p><span><strong>Becas de Impacto de The Explorers Club en el exterior<\/strong><\/span><span> (Convocatoria abierta todo el a\u00f1o)<\/span><br \/><span>M\u00e1s informaci\u00f3n: <\/span><a href=\"https:\/\/www.argentina.gob.ar\/becas-de-impacto-de-explorers-club-en-el-exterior\" disabled=\"disabled\"><span>https:\/\/www.argentina.gob.ar\/becas-de-impacto-de-explorers-club-en-el-exterior<\/span><\/a><\/p>\n<p><span><strong>Consulta todas las convocatorias abiertas y sus fechas de cierre aqu\u00ed:<\/strong><\/span><br \/><a href=\"https:\/\/www.argentina.gob.ar\/educacion\/campusargentinaglobal\/calendario\" disabled=\"disabled\"><span>https:\/\/www.argentina.gob.ar\/educacion\/campusargentinaglobal\/calendario<\/span><\/a><\/p>\n<p>[\/et_pb_text][\/et_pb_column][\/et_pb_row][\/et_pb_section]<\/p>\n","protected":false},"excerpt":{"rendered":"<p>Se encuentran abiertas nuevas convocatorias internacionales para becas, programas de investigaci\u00f3n y cooperaci\u00f3n cient\u00edfica. <\/p>\n","protected":false},"author":4,"featured_media":2139,"comment_status":"closed","ping_status":"closed","sticky":false,"template":"","format":"standard","meta":{"_et_pb_use_builder":"on","_et_pb_old_content":"","_et_gb_content_width":"","footnotes":""},"categories":[1],"tags":[],"class_list":["post-2138","post","type-post","status-publish","format-standard","has-post-thumbnail","hentry","category-sin-categoria"],"yoast_head":"<!-- This site is optimized with the Yoast SEO plugin v23.7 - https:\/\/yoast.com\/wordpress\/plugins\/seo\/ -->\n<title>Nuevas Convocatorias Internacionales \u2013 Campus Argentina Global - Relaciones Internacionales UNSE<\/title>\n<meta name=\"robots\" content=\"index, follow, max-snippet:-1, max-image-preview:large, max-video-preview:-1\" \/>\n<link rel=\"canonical\" href=\"https:\/\/dri.unse.edu.ar\/?p=2138\" \/>\n<meta property=\"og:locale\" content=\"es_ES\" \/>\n<meta property=\"og:type\" content=\"article\" \/>\n<meta property=\"og:title\" content=\"Nuevas Convocatorias Internacionales \u2013 Campus Argentina Global - Relaciones Internacionales UNSE\" \/>\n<meta property=\"og:description\" content=\"Se encuentran abiertas nuevas convocatorias internacionales para becas, programas de investigaci\u00f3n y cooperaci\u00f3n cient\u00edfica.\" \/>\n<meta property=\"og:url\" content=\"https:\/\/dri.unse.edu.ar\/?p=2138\" \/>\n<meta property=\"og:site_name\" content=\"Relaciones Internacionales UNSE\" \/>\n<meta property=\"article:published_time\" content=\"2025-04-09T19:09:42+00:00\" \/>\n<meta property=\"article:modified_time\" content=\"2025-04-09T19:10:13+00:00\" \/>\n<meta property=\"og:image\" content=\"https:\/\/dri.unse.edu.ar\/wp-content\/uploads\/2025\/04\/becas-campus-global-20250409.jpg\" \/>\n\t<meta property=\"og:image:width\" content=\"900\" \/>\n\t<meta property=\"og:image:height\" content=\"600\" \/>\n\t<meta property=\"og:image:type\" content=\"image\/jpeg\" \/>\n<meta name=\"author\" content=\"Fernando Ramirez\" \/>\n<meta name=\"twitter:card\" content=\"summary_large_image\" \/>\n<meta name=\"twitter:label1\" content=\"Escrito por\" \/>\n\t<meta name=\"twitter:data1\" content=\"Fernando Ramirez\" \/>\n\t<meta name=\"twitter:label2\" content=\"Tiempo de lectura\" \/>\n\t<meta name=\"twitter:data2\" content=\"1 minuto\" \/>\n<script type=\"application\/ld+json\" class=\"yoast-schema-graph\">{\"@context\":\"https:\/\/schema.org\",\"@graph\":[{\"@type\":\"Article\",\"@id\":\"https:\/\/dri.unse.edu.ar\/?p=2138#article\",\"isPartOf\":{\"@id\":\"https:\/\/dri.unse.edu.ar\/?p=2138\"},\"author\":{\"name\":\"Fernando Ramirez\",\"@id\":\"https:\/\/dri.unse.edu.ar\/#\/schema\/person\/496fab58fa69df6104710dd598905fcb\"},\"headline\":\"Nuevas Convocatorias Internacionales \u2013 Campus Argentina Global\",\"datePublished\":\"2025-04-09T19:09:42+00:00\",\"dateModified\":\"2025-04-09T19:10:13+00:00\",\"mainEntityOfPage\":{\"@id\":\"https:\/\/dri.unse.edu.ar\/?p=2138\"},\"wordCount\":322,\"publisher\":{\"@id\":\"https:\/\/dri.unse.edu.ar\/#organization\"},\"image\":{\"@id\":\"https:\/\/dri.unse.edu.ar\/?p=2138#primaryimage\"},\"thumbnailUrl\":\"https:\/\/dri.unse.edu.ar\/wp-content\/uploads\/2025\/04\/becas-campus-global-20250409.jpg\",\"inLanguage\":\"es-AR\"},{\"@type\":\"WebPage\",\"@id\":\"https:\/\/dri.unse.edu.ar\/?p=2138\",\"url\":\"https:\/\/dri.unse.edu.ar\/?p=2138\",\"name\":\"Nuevas Convocatorias Internacionales \u2013 Campus Argentina Global - Relaciones Internacionales UNSE\",\"isPartOf\":{\"@id\":\"https:\/\/dri.unse.edu.ar\/#website\"},\"primaryImageOfPage\":{\"@id\":\"https:\/\/dri.unse.edu.ar\/?p=2138#primaryimage\"},\"image\":{\"@id\":\"https:\/\/dri.unse.edu.ar\/?p=2138#primaryimage\"},\"thumbnailUrl\":\"https:\/\/dri.unse.edu.ar\/wp-content\/uploads\/2025\/04\/becas-campus-global-20250409.jpg\",\"datePublished\":\"2025-04-09T19:09:42+00:00\",\"dateModified\":\"2025-04-09T19:10:13+00:00\",\"breadcrumb\":{\"@id\":\"https:\/\/dri.unse.edu.ar\/?p=2138#breadcrumb\"},\"inLanguage\":\"es-AR\",\"potentialAction\":[{\"@type\":\"ReadAction\",\"target\":[\"https:\/\/dri.unse.edu.ar\/?p=2138\"]}]},{\"@type\":\"ImageObject\",\"inLanguage\":\"es-AR\",\"@id\":\"https:\/\/dri.unse.edu.ar\/?p=2138#primaryimage\",\"url\":\"https:\/\/dri.unse.edu.ar\/wp-content\/uploads\/2025\/04\/becas-campus-global-20250409.jpg\",\"contentUrl\":\"https:\/\/dri.unse.edu.ar\/wp-content\/uploads\/2025\/04\/becas-campus-global-20250409.jpg\",\"width\":900,\"height\":600},{\"@type\":\"BreadcrumbList\",\"@id\":\"https:\/\/dri.unse.edu.ar\/?p=2138#breadcrumb\",\"itemListElement\":[{\"@type\":\"ListItem\",\"position\":1,\"name\":\"Inicio\",\"item\":\"https:\/\/dri.unse.edu.ar\/\"},{\"@type\":\"ListItem\",\"position\":2,\"name\":\"Nuevas Convocatorias Internacionales \u2013 Campus Argentina Global\"}]},{\"@type\":\"WebSite\",\"@id\":\"https:\/\/dri.unse.edu.ar\/#website\",\"url\":\"https:\/\/dri.unse.edu.ar\/\",\"name\":\"Relaciones Internacionales UNSE\",\"description\":\"\",\"publisher\":{\"@id\":\"https:\/\/dri.unse.edu.ar\/#organization\"},\"potentialAction\":[{\"@type\":\"SearchAction\",\"target\":{\"@type\":\"EntryPoint\",\"urlTemplate\":\"https:\/\/dri.unse.edu.ar\/?s={search_term_string}\"},\"query-input\":{\"@type\":\"PropertyValueSpecification\",\"valueRequired\":true,\"valueName\":\"search_term_string\"}}],\"inLanguage\":\"es-AR\"},{\"@type\":\"Organization\",\"@id\":\"https:\/\/dri.unse.edu.ar\/#organization\",\"name\":\"Universidad Nacional de Santiago del Estero\",\"url\":\"https:\/\/dri.unse.edu.ar\/\",\"logo\":{\"@type\":\"ImageObject\",\"inLanguage\":\"es-AR\",\"@id\":\"https:\/\/dri.unse.edu.ar\/#\/schema\/logo\/image\/\",\"url\":\"https:\/\/dri.unse.edu.ar\/wp-content\/uploads\/2019\/03\/logo-3.png\",\"contentUrl\":\"https:\/\/dri.unse.edu.ar\/wp-content\/uploads\/2019\/03\/logo-3.png\",\"width\":816,\"height\":882,\"caption\":\"Universidad Nacional de Santiago del Estero\"},\"image\":{\"@id\":\"https:\/\/dri.unse.edu.ar\/#\/schema\/logo\/image\/\"}},{\"@type\":\"Person\",\"@id\":\"https:\/\/dri.unse.edu.ar\/#\/schema\/person\/496fab58fa69df6104710dd598905fcb\",\"name\":\"Fernando Ramirez\",\"image\":{\"@type\":\"ImageObject\",\"inLanguage\":\"es-AR\",\"@id\":\"https:\/\/dri.unse.edu.ar\/#\/schema\/person\/image\/\",\"url\":\"https:\/\/secure.gravatar.com\/avatar\/e69d7532893031bedbb60e48f48bf927?s=96&d=mm&r=g\",\"contentUrl\":\"https:\/\/secure.gravatar.com\/avatar\/e69d7532893031bedbb60e48f48bf927?s=96&d=mm&r=g\",\"caption\":\"Fernando Ramirez\"}}]}<\/script>\n<!-- \/ Yoast SEO plugin. -->","yoast_head_json":{"title":"Nuevas Convocatorias Internacionales \u2013 Campus Argentina Global - Relaciones Internacionales UNSE","robots":{"index":"index","follow":"follow","max-snippet":"max-snippet:-1","max-image-preview":"max-image-preview:large","max-video-preview":"max-video-preview:-1"},"canonical":"https:\/\/dri.unse.edu.ar\/?p=2138","og_locale":"es_ES","og_type":"article","og_title":"Nuevas Convocatorias Internacionales \u2013 Campus Argentina Global - Relaciones Internacionales UNSE","og_description":"Se encuentran abiertas nuevas convocatorias internacionales para becas, programas de investigaci\u00f3n y cooperaci\u00f3n cient\u00edfica.","og_url":"https:\/\/dri.unse.edu.ar\/?p=2138","og_site_name":"Relaciones Internacionales UNSE","article_published_time":"2025-04-09T19:09:42+00:00","article_modified_time":"2025-04-09T19:10:13+00:00","og_image":[{"width":900,"height":600,"url":"https:\/\/dri.unse.edu.ar\/wp-content\/uploads\/2025\/04\/becas-campus-global-20250409.jpg","type":"image\/jpeg"}],"author":"Fernando Ramirez","twitter_card":"summary_large_image","twitter_misc":{"Escrito por":"Fernando Ramirez","Tiempo de lectura":"1 minuto"},"schema":{"@context":"https:\/\/schema.org","@graph":[{"@type":"Article","@id":"https:\/\/dri.unse.edu.ar\/?p=2138#article","isPartOf":{"@id":"https:\/\/dri.unse.edu.ar\/?p=2138"},"author":{"name":"Fernando Ramirez","@id":"https:\/\/dri.unse.edu.ar\/#\/schema\/person\/496fab58fa69df6104710dd598905fcb"},"headline":"Nuevas Convocatorias Internacionales \u2013 Campus Argentina Global","datePublished":"2025-04-09T19:09:42+00:00","dateModified":"2025-04-09T19:10:13+00:00","mainEntityOfPage":{"@id":"https:\/\/dri.unse.edu.ar\/?p=2138"},"wordCount":322,"publisher":{"@id":"https:\/\/dri.unse.edu.ar\/#organization"},"image":{"@id":"https:\/\/dri.unse.edu.ar\/?p=2138#primaryimage"},"thumbnailUrl":"https:\/\/dri.unse.edu.ar\/wp-content\/uploads\/2025\/04\/becas-campus-global-20250409.jpg","inLanguage":"es-AR"},{"@type":"WebPage","@id":"https:\/\/dri.unse.edu.ar\/?p=2138","url":"https:\/\/dri.unse.edu.ar\/?p=2138","name":"Nuevas Convocatorias Internacionales \u2013 Campus Argentina Global - Relaciones Internacionales UNSE","isPartOf":{"@id":"https:\/\/dri.unse.edu.ar\/#website"},"primaryImageOfPage":{"@id":"https:\/\/dri.unse.edu.ar\/?p=2138#primaryimage"},"image":{"@id":"https:\/\/dri.unse.edu.ar\/?p=2138#primaryimage"},"thumbnailUrl":"https:\/\/dri.unse.edu.ar\/wp-content\/uploads\/2025\/04\/becas-campus-global-20250409.jpg","datePublished":"2025-04-09T19:09:42+00:00","dateModified":"2025-04-09T19:10:13+00:00","breadcrumb":{"@id":"https:\/\/dri.unse.edu.ar\/?p=2138#breadcrumb"},"inLanguage":"es-AR","potentialAction":[{"@type":"ReadAction","target":["https:\/\/dri.unse.edu.ar\/?p=2138"]}]},{"@type":"ImageObject","inLanguage":"es-AR","@id":"https:\/\/dri.unse.edu.ar\/?p=2138#primaryimage","url":"https:\/\/dri.unse.edu.ar\/wp-content\/uploads\/2025\/04\/becas-campus-global-20250409.jpg","contentUrl":"https:\/\/dri.unse.edu.ar\/wp-content\/uploads\/2025\/04\/becas-campus-global-20250409.jpg","width":900,"height":600},{"@type":"BreadcrumbList","@id":"https:\/\/dri.unse.edu.ar\/?p=2138#breadcrumb","itemListElement":[{"@type":"ListItem","position":1,"name":"Inicio","item":"https:\/\/dri.unse.edu.ar\/"},{"@type":"ListItem","position":2,"name":"Nuevas Convocatorias Internacionales \u2013 Campus Argentina Global"}]},{"@type":"WebSite","@id":"https:\/\/dri.unse.edu.ar\/#website","url":"https:\/\/dri.unse.edu.ar\/","name":"Relaciones Internacionales UNSE","description":"","publisher":{"@id":"https:\/\/dri.unse.edu.ar\/#organization"},"potentialAction":[{"@type":"SearchAction","target":{"@type":"EntryPoint","urlTemplate":"https:\/\/dri.unse.edu.ar\/?s={search_term_string}"},"query-input":{"@type":"PropertyValueSpecification","valueRequired":true,"valueName":"search_term_string"}}],"inLanguage":"es-AR"},{"@type":"Organization","@id":"https:\/\/dri.unse.edu.ar\/#organization","name":"Universidad Nacional de Santiago del Estero","url":"https:\/\/dri.unse.edu.ar\/","logo":{"@type":"ImageObject","inLanguage":"es-AR","@id":"https:\/\/dri.unse.edu.ar\/#\/schema\/logo\/image\/","url":"https:\/\/dri.unse.edu.ar\/wp-content\/uploads\/2019\/03\/logo-3.png","contentUrl":"https:\/\/dri.unse.edu.ar\/wp-content\/uploads\/2019\/03\/logo-3.png","width":816,"height":882,"caption":"Universidad Nacional de Santiago del Estero"},"image":{"@id":"https:\/\/dri.unse.edu.ar\/#\/schema\/logo\/image\/"}},{"@type":"Person","@id":"https:\/\/dri.unse.edu.ar\/#\/schema\/person\/496fab58fa69df6104710dd598905fcb","name":"Fernando Ramirez","image":{"@type":"ImageObject","inLanguage":"es-AR","@id":"https:\/\/dri.unse.edu.ar\/#\/schema\/person\/image\/","url":"https:\/\/secure.gravatar.com\/avatar\/e69d7532893031bedbb60e48f48bf927?s=96&d=mm&r=g","contentUrl":"https:\/\/secure.gravatar.com\/avatar\/e69d7532893031bedbb60e48f48bf927?s=96&d=mm&r=g","caption":"Fernando Ramirez"}}]}},"_links":{"self":[{"href":"https:\/\/dri.unse.edu.ar\/index.php?rest_route=\/wp\/v2\/posts\/2138"}],"collection":[{"href":"https:\/\/dri.unse.edu.ar\/index.php?rest_route=\/wp\/v2\/posts"}],"about":[{"href":"https:\/\/dri.unse.edu.ar\/index.php?rest_route=\/wp\/v2\/types\/post"}],"author":[{"embeddable":true,"href":"https:\/\/dri.unse.edu.ar\/index.php?rest_route=\/wp\/v2\/users\/4"}],"replies":[{"embeddable":true,"href":"https:\/\/dri.unse.edu.ar\/index.php?rest_route=%2Fwp%2Fv2%2Fcomments&post=2138"}],"version-history":[{"count":3,"href":"https:\/\/dri.unse.edu.ar\/index.php?rest_route=\/wp\/v2\/posts\/2138\/revisions"}],"predecessor-version":[{"id":2144,"href":"https:\/\/dri.unse.edu.ar\/index.php?rest_route=\/wp\/v2\/posts\/2138\/revisions\/2144"}],"wp:featuredmedia":[{"embeddable":true,"href":"https:\/\/dri.unse.edu.ar\/index.php?rest_route=\/wp\/v2\/media\/2139"}],"wp:attachment":[{"href":"https:\/\/dri.unse.edu.ar\/index.php?rest_route=%2Fwp%2Fv2%2Fmedia&parent=2138"}],"wp:term":[{"taxonomy":"category","embeddable":true,"href":"https:\/\/dri.unse.edu.ar\/index.php?rest_route=%2Fwp%2Fv2%2Fcategories&post=2138"},{"taxonomy":"post_tag","embeddable":true,"href":"https:\/\/dri.unse.edu.ar\/index.php?rest_route=%2Fwp%2Fv2%2Ftags&post=2138"}],"curies":[{"name":"wp","href":"https:\/\/api.w.org\/{rel}","templated":true}]}}