{"id":2124,"date":"2025-03-27T00:21:14","date_gmt":"2025-03-27T03:21:14","guid":{"rendered":"https:\/\/dri.unse.edu.ar\/?p=2124"},"modified":"2025-03-27T00:37:42","modified_gmt":"2025-03-27T03:37:42","slug":"convocatorias-de-becas-y-oportunidades-internacionales","status":"publish","type":"post","link":"https:\/\/dri.unse.edu.ar\/?p=2124","title":{"rendered":"Convocatorias de Becas y Oportunidades Internacionales"},"content":{"rendered":"<p>[et_pb_section fb_built=&#8221;1&#8243; admin_label=&#8221;section&#8221; _builder_version=&#8221;4.27.2&#8243; background_color=&#8221;#FFFFFF&#8221; global_colors_info=&#8221;{}&#8221;][et_pb_row admin_label=&#8221;row&#8221; _builder_version=&#8221;4.16&#8243; background_size=&#8221;initial&#8221; background_position=&#8221;top_left&#8221; background_repeat=&#8221;repeat&#8221; width=&#8221;100%&#8221; min_height=&#8221;890.4px&#8221; global_colors_info=&#8221;{}&#8221;][et_pb_column type=&#8221;4_4&#8243; _builder_version=&#8221;4.16&#8243; custom_padding=&#8221;|||&#8221; global_colors_info=&#8221;{}&#8221; custom_padding__hover=&#8221;|||&#8221;][et_pb_text admin_label=&#8221;Text&#8221; _builder_version=&#8221;4.16&#8243; background_size=&#8221;initial&#8221; background_position=&#8221;top_left&#8221; background_repeat=&#8221;repeat&#8221; global_colors_info=&#8221;{}&#8221;]<\/p>\n<p data-pm-slice=\"1 1 []\"><span>Desde la Direcci\u00f3n General de Relaciones Internacionales, compartimos con nuestra comunidad acad\u00e9mica una serie de convocatorias de becas abiertas y disponibles en el Campus Argentina Global. Estas oportunidades est\u00e1n dirigidas a estudiantes, investigadores, docentes universitarios y profesionales de diversas disciplinas.<\/span><\/p>\n<p><span>A continuaci\u00f3n, detallamos algunas de las becas y programas disponibles con sus respectivos plazos de postulaci\u00f3n:<\/span><\/p>\n<h3><span><strong>Becas en Alemania<\/strong><\/span><\/h3>\n<ul data-spread=\"false\">\n<li>\n<p><span><strong>Residencia art\u00edstica M\u00fanich + Urra<\/strong><\/span><span> (Cierre: 30\/03)<\/span><br \/><a href=\"https:\/\/www.argentina.gob.ar\/capital-humano\/educacion\/campusargentinaglobal\/becas-extranjero\/residencia-artistica-munich-urra-en\" disabled=\"disabled\"><span>https:\/\/www.argentina.gob.ar\/capital-humano\/educacion\/campusargentinaglobal\/becas-extranjero\/residencia-artistica-munich-urra-en<\/span><\/a><\/p>\n<\/li>\n<li>\n<p><span><strong>Residencias art\u00edsticas de Urbane K\u00fcnste Ruhr<\/strong><\/span><span> (Cierre: 31\/03)<\/span><br \/><a href=\"https:\/\/www.argentina.gob.ar\/capital-humano\/educacion\/campusargentinaglobal\/becas-extranjero\/residencias-artisticas-de-urbane\" disabled=\"disabled\"><span>https:\/\/www.argentina.gob.ar\/capital-humano\/educacion\/campusargentinaglobal\/becas-extranjero\/residencias-artisticas-de-urbane<\/span><\/a><\/p>\n<\/li>\n<li>\n<p><span><strong>Fondos IKF de coproducci\u00f3n art\u00edstica<\/strong><\/span><span> (Cierre: 15\/05)<\/span><br \/><a href=\"https:\/\/www.argentina.gob.ar\/fondos-ikf-de-coproduccion-artistica-en-alemania\" disabled=\"disabled\"><span>https:\/\/www.argentina.gob.ar\/fondos-ikf-de-coproduccion-artistica-en-alemania<\/span><\/a><\/p>\n<\/li>\n<li>\n<p><span><strong>Becas posdoctorales de la Fundaci\u00f3n Gerda Henkel<\/strong><\/span><span> (Cierre: 26\/05)<\/span><br \/><a href=\"https:\/\/www.argentina.gob.ar\/becas-posdoctorales-de-la-fundacion-gerda-henkel-en-alemania\" disabled=\"disabled\"><span>https:\/\/www.argentina.gob.ar\/becas-posdoctorales-de-la-fundacion-gerda-henkel-en-alemania<\/span><\/a><\/p>\n<\/li>\n<li>\n<p><span><strong>Subsidios para proyectos de investigaci\u00f3n de la Fundaci\u00f3n Gerda Henkel<\/strong><\/span><span> (Cierre: 26\/05)<\/span><br \/><a href=\"https:\/\/www.argentina.gob.ar\/subsidios-para-proyectos-de-investigacion-de-la-fundacion-gerda-henkel-en-alemania\" disabled=\"disabled\"><span>https:\/\/www.argentina.gob.ar\/subsidios-para-proyectos-de-investigacion-de-la-fundacion-gerda-henkel-en-alemania<\/span><\/a><\/p>\n<\/li>\n<li>\n<p><span><strong>Programa Shadowing para j\u00f3venes profesionales del teatro<\/strong><\/span><span> (Convocatoria abierta todo el a\u00f1o)<\/span><br \/><a href=\"https:\/\/www.argentina.gob.ar\/becas-del-programa-shadowing-para-jovenes-profesionales-del-teatro-en-alemania\" disabled=\"disabled\"><span>https:\/\/www.argentina.gob.ar\/becas-del-programa-shadowing-para-jovenes-profesionales-del-teatro-en-alemania<\/span><\/a><\/p>\n<\/li>\n<\/ul>\n<h3><span><strong>Becas en Argentina<\/strong><\/span><\/h3>\n<ul data-spread=\"false\">\n<li>\n<p><span><strong>Becas y pasant\u00edas en INVAP para estudiantes universitarios<\/strong><\/span><span> (Cierre: 31\/03)<\/span><br \/><a href=\"https:\/\/www.argentina.gob.ar\/educacion\/campusargentinaglobal\/becas-argentina\/pasantias-invap\" disabled=\"disabled\"><span>https:\/\/www.argentina.gob.ar\/educacion\/campusargentinaglobal\/becas-argentina\/pasantias-invap<\/span><\/a><\/p>\n<\/li>\n<\/ul>\n<h3><span><strong>Becas en Reino Unido<\/strong><\/span><\/h3>\n<ul data-spread=\"false\">\n<li>\n<p><span><strong>Becas de UK Research and Innovation<\/strong><\/span><span> (Cierres desde 1\/04 y convocatorias abiertas todo el a\u00f1o)<\/span><br \/><a href=\"https:\/\/www.argentina.gob.ar\/educacion\/campusglobal\/becas-extranjero\/ernest-rutherford-science-technology-uk\" disabled=\"disabled\"><span>https:\/\/www.argentina.gob.ar\/educacion\/campusglobal\/becas-extranjero\/ernest-rutherford-science-technology-uk<\/span><\/a><\/p>\n<\/li>\n<\/ul>\n<h3><span><strong>Becas en Israel<\/strong><\/span><\/h3>\n<ul data-spread=\"false\">\n<li>\n<p><span><strong>Maestr\u00eda en Educaci\u00f3n y Desarrollo en la Primera Infancia &#8211; Universidad de Haifa<\/strong><\/span><span> (Cierre: 02\/05)<\/span><br \/><a href=\"https:\/\/www.argentina.gob.ar\/capital-humano\/educacion\/campusargentinaglobal\/becas-extranjero\/becas-para-la-maestria-en-en\" disabled=\"disabled\"><span>https:\/\/www.argentina.gob.ar\/capital-humano\/educacion\/campusargentinaglobal\/becas-extranjero\/becas-para-la-maestria-en-en<\/span><\/a><\/p>\n<\/li>\n<\/ul>\n<h3><span><strong>Becas en Espa\u00f1a<\/strong><\/span><\/h3>\n<ul data-spread=\"false\">\n<li>\n<p><span><strong>Becas de arte de la Fundaci\u00f3n Bot\u00edn<\/strong><\/span><span> (Cierre: 09\/05)<\/span><br \/><a href=\"https:\/\/www.argentina.gob.ar\/becas-de-arte-de-la-fundacion-botin-en-espana\" disabled=\"disabled\"><span>https:\/\/www.argentina.gob.ar\/becas-de-arte-de-la-fundacion-botin-en-espana<\/span><\/a><\/p>\n<\/li>\n<li>\n<p><span><strong>Programa para el Fortalecimiento de la Funci\u00f3n P\u00fablica de la Fundaci\u00f3n Bot\u00edn en Iberoam\u00e9rica<\/strong><\/span><span> (Cierre: 20\/05)<\/span><br \/><a href=\"https:\/\/www.argentina.gob.ar\/becas-del-programa-para-el-fortalecimiento-de-la-funcion-publica-de-la-fundacion-botin-en\" disabled=\"disabled\"><span>https:\/\/www.argentina.gob.ar\/becas-del-programa-para-el-fortalecimiento-de-la-funcion-publica-de-la-fundacion-botin-en<\/span><\/a><\/p>\n<\/li>\n<\/ul>\n<h3><span><strong>Becas en Estados Unidos<\/strong><\/span><\/h3>\n<ul data-spread=\"false\">\n<li>\n<p><span><strong>Becas Fulbright U.S. Scholar Program para estadounidenses en Argentina<\/strong><\/span><span> (Cierre: 15\/09)<\/span><br \/><a href=\"https:\/\/www.argentina.gob.ar\/educacion\/campusargentinaglobal\/becas-argentina\/becas-fulbright-us-scholar-program-para\" disabled=\"disabled\"><span>https:\/\/www.argentina.gob.ar\/educacion\/campusargentinaglobal\/becas-argentina\/becas-fulbright-us-scholar-program-para<\/span><\/a><\/p>\n<\/li>\n<\/ul>\n<p><span>Para conocer m\u00e1s detalles sobre cada convocatoria y los requisitos espec\u00edficos, pueden acceder al <\/span><a href=\"https:\/\/www.argentina.gob.ar\/educacion\/campusargentinaglobal\/calendario\" disabled=\"disabled\"><span>Calendario de Becas<\/span><\/a><span>.<br \/><a id=\"m_7102668355763562155v1LPlnk\" href=\"https:\/\/www.argentina.gob.ar\/educacion\/campusargentinaglobal\/calendario\" rel=\"noopener noreferrer\" target=\"_blank\" data-saferedirecturl=\"https:\/\/www.google.com\/url?q=https:\/\/www.argentina.gob.ar\/educacion\/campusargentinaglobal\/calendario&amp;source=gmail&amp;ust=1743130597866000&amp;usg=AOvVaw3ma5QxVxVAbtHMbO_gFQLl\">https:\/\/www.argentina.gob.ar\/<wbr \/>educacion\/<wbr \/>campusargentinaglobal\/<wbr \/>calendario<\/a><br \/><\/span><\/p>\n<p><span><\/span><\/p>\n<p>&nbsp;<\/p>\n<p>[\/et_pb_text][\/et_pb_column][\/et_pb_row][\/et_pb_section]<\/p>\n","protected":false},"excerpt":{"rendered":"<p>Desde la Direcci\u00f3n de Relaciones Internacionales, compartimos con nuestra comunidad acad\u00e9mica una serie de convocatorias de becas abiertas y disponibles en el Campus Argentina Global. Estas oportunidades est\u00e1n dirigidas a estudiantes, investigadores, docentes universitarios y profesionales de diversas disciplinas.<\/p>\n","protected":false},"author":4,"featured_media":2125,"comment_status":"closed","ping_status":"closed","sticky":false,"template":"","format":"standard","meta":{"_et_pb_use_builder":"on","_et_pb_old_content":"","_et_gb_content_width":"","footnotes":""},"categories":[1],"tags":[],"class_list":["post-2124","post","type-post","status-publish","format-standard","has-post-thumbnail","hentry","category-sin-categoria"],"yoast_head":"<!-- This site is optimized with the Yoast SEO plugin v23.7 - https:\/\/yoast.com\/wordpress\/plugins\/seo\/ -->\n<title>Convocatorias de Becas y Oportunidades Internacionales - Relaciones Internacionales UNSE<\/title>\n<meta name=\"robots\" content=\"index, follow, max-snippet:-1, max-image-preview:large, max-video-preview:-1\" \/>\n<link rel=\"canonical\" href=\"https:\/\/dri.unse.edu.ar\/?p=2124\" \/>\n<meta property=\"og:locale\" content=\"es_ES\" \/>\n<meta property=\"og:type\" content=\"article\" \/>\n<meta property=\"og:title\" content=\"Convocatorias de Becas y Oportunidades Internacionales - Relaciones Internacionales UNSE\" \/>\n<meta property=\"og:description\" content=\"Desde la Direcci\u00f3n de Relaciones Internacionales, compartimos con nuestra comunidad acad\u00e9mica una serie de convocatorias de becas abiertas y disponibles en el Campus Argentina Global. Estas oportunidades est\u00e1n dirigidas a estudiantes, investigadores, docentes universitarios y profesionales de diversas disciplinas.\" \/>\n<meta property=\"og:url\" content=\"https:\/\/dri.unse.edu.ar\/?p=2124\" \/>\n<meta property=\"og:site_name\" content=\"Relaciones Internacionales UNSE\" \/>\n<meta property=\"article:published_time\" content=\"2025-03-27T03:21:14+00:00\" \/>\n<meta property=\"article:modified_time\" content=\"2025-03-27T03:37:42+00:00\" \/>\n<meta property=\"og:image\" content=\"https:\/\/dri.unse.edu.ar\/wp-content\/uploads\/2025\/03\/becas-campus-global-marzo2.jpg\" \/>\n\t<meta property=\"og:image:width\" content=\"900\" \/>\n\t<meta property=\"og:image:height\" content=\"600\" \/>\n\t<meta property=\"og:image:type\" content=\"image\/jpeg\" \/>\n<meta name=\"author\" content=\"Fernando Ramirez\" \/>\n<meta name=\"twitter:card\" content=\"summary_large_image\" \/>\n<meta name=\"twitter:label1\" content=\"Escrito por\" \/>\n\t<meta name=\"twitter:data1\" content=\"Fernando Ramirez\" \/>\n\t<meta name=\"twitter:label2\" content=\"Tiempo de lectura\" \/>\n\t<meta name=\"twitter:data2\" content=\"1 minuto\" \/>\n<script type=\"application\/ld+json\" class=\"yoast-schema-graph\">{\"@context\":\"https:\/\/schema.org\",\"@graph\":[{\"@type\":\"Article\",\"@id\":\"https:\/\/dri.unse.edu.ar\/?p=2124#article\",\"isPartOf\":{\"@id\":\"https:\/\/dri.unse.edu.ar\/?p=2124\"},\"author\":{\"name\":\"Fernando Ramirez\",\"@id\":\"https:\/\/dri.unse.edu.ar\/#\/schema\/person\/496fab58fa69df6104710dd598905fcb\"},\"headline\":\"Convocatorias de Becas y Oportunidades Internacionales\",\"datePublished\":\"2025-03-27T03:21:14+00:00\",\"dateModified\":\"2025-03-27T03:37:42+00:00\",\"mainEntityOfPage\":{\"@id\":\"https:\/\/dri.unse.edu.ar\/?p=2124\"},\"wordCount\":439,\"publisher\":{\"@id\":\"https:\/\/dri.unse.edu.ar\/#organization\"},\"image\":{\"@id\":\"https:\/\/dri.unse.edu.ar\/?p=2124#primaryimage\"},\"thumbnailUrl\":\"https:\/\/dri.unse.edu.ar\/wp-content\/uploads\/2025\/03\/becas-campus-global-marzo2.jpg\",\"inLanguage\":\"es-AR\"},{\"@type\":\"WebPage\",\"@id\":\"https:\/\/dri.unse.edu.ar\/?p=2124\",\"url\":\"https:\/\/dri.unse.edu.ar\/?p=2124\",\"name\":\"Convocatorias de Becas y Oportunidades Internacionales - Relaciones Internacionales UNSE\",\"isPartOf\":{\"@id\":\"https:\/\/dri.unse.edu.ar\/#website\"},\"primaryImageOfPage\":{\"@id\":\"https:\/\/dri.unse.edu.ar\/?p=2124#primaryimage\"},\"image\":{\"@id\":\"https:\/\/dri.unse.edu.ar\/?p=2124#primaryimage\"},\"thumbnailUrl\":\"https:\/\/dri.unse.edu.ar\/wp-content\/uploads\/2025\/03\/becas-campus-global-marzo2.jpg\",\"datePublished\":\"2025-03-27T03:21:14+00:00\",\"dateModified\":\"2025-03-27T03:37:42+00:00\",\"breadcrumb\":{\"@id\":\"https:\/\/dri.unse.edu.ar\/?p=2124#breadcrumb\"},\"inLanguage\":\"es-AR\",\"potentialAction\":[{\"@type\":\"ReadAction\",\"target\":[\"https:\/\/dri.unse.edu.ar\/?p=2124\"]}]},{\"@type\":\"ImageObject\",\"inLanguage\":\"es-AR\",\"@id\":\"https:\/\/dri.unse.edu.ar\/?p=2124#primaryimage\",\"url\":\"https:\/\/dri.unse.edu.ar\/wp-content\/uploads\/2025\/03\/becas-campus-global-marzo2.jpg\",\"contentUrl\":\"https:\/\/dri.unse.edu.ar\/wp-content\/uploads\/2025\/03\/becas-campus-global-marzo2.jpg\",\"width\":900,\"height\":600},{\"@type\":\"BreadcrumbList\",\"@id\":\"https:\/\/dri.unse.edu.ar\/?p=2124#breadcrumb\",\"itemListElement\":[{\"@type\":\"ListItem\",\"position\":1,\"name\":\"Inicio\",\"item\":\"https:\/\/dri.unse.edu.ar\/\"},{\"@type\":\"ListItem\",\"position\":2,\"name\":\"Convocatorias de Becas y Oportunidades Internacionales\"}]},{\"@type\":\"WebSite\",\"@id\":\"https:\/\/dri.unse.edu.ar\/#website\",\"url\":\"https:\/\/dri.unse.edu.ar\/\",\"name\":\"Relaciones Internacionales UNSE\",\"description\":\"\",\"publisher\":{\"@id\":\"https:\/\/dri.unse.edu.ar\/#organization\"},\"potentialAction\":[{\"@type\":\"SearchAction\",\"target\":{\"@type\":\"EntryPoint\",\"urlTemplate\":\"https:\/\/dri.unse.edu.ar\/?s={search_term_string}\"},\"query-input\":{\"@type\":\"PropertyValueSpecification\",\"valueRequired\":true,\"valueName\":\"search_term_string\"}}],\"inLanguage\":\"es-AR\"},{\"@type\":\"Organization\",\"@id\":\"https:\/\/dri.unse.edu.ar\/#organization\",\"name\":\"Universidad Nacional de Santiago del Estero\",\"url\":\"https:\/\/dri.unse.edu.ar\/\",\"logo\":{\"@type\":\"ImageObject\",\"inLanguage\":\"es-AR\",\"@id\":\"https:\/\/dri.unse.edu.ar\/#\/schema\/logo\/image\/\",\"url\":\"https:\/\/dri.unse.edu.ar\/wp-content\/uploads\/2019\/03\/logo-3.png\",\"contentUrl\":\"https:\/\/dri.unse.edu.ar\/wp-content\/uploads\/2019\/03\/logo-3.png\",\"width\":816,\"height\":882,\"caption\":\"Universidad Nacional de Santiago del Estero\"},\"image\":{\"@id\":\"https:\/\/dri.unse.edu.ar\/#\/schema\/logo\/image\/\"}},{\"@type\":\"Person\",\"@id\":\"https:\/\/dri.unse.edu.ar\/#\/schema\/person\/496fab58fa69df6104710dd598905fcb\",\"name\":\"Fernando Ramirez\",\"image\":{\"@type\":\"ImageObject\",\"inLanguage\":\"es-AR\",\"@id\":\"https:\/\/dri.unse.edu.ar\/#\/schema\/person\/image\/\",\"url\":\"https:\/\/secure.gravatar.com\/avatar\/e69d7532893031bedbb60e48f48bf927?s=96&d=mm&r=g\",\"contentUrl\":\"https:\/\/secure.gravatar.com\/avatar\/e69d7532893031bedbb60e48f48bf927?s=96&d=mm&r=g\",\"caption\":\"Fernando Ramirez\"}}]}<\/script>\n<!-- \/ Yoast SEO plugin. -->","yoast_head_json":{"title":"Convocatorias de Becas y Oportunidades Internacionales - Relaciones Internacionales UNSE","robots":{"index":"index","follow":"follow","max-snippet":"max-snippet:-1","max-image-preview":"max-image-preview:large","max-video-preview":"max-video-preview:-1"},"canonical":"https:\/\/dri.unse.edu.ar\/?p=2124","og_locale":"es_ES","og_type":"article","og_title":"Convocatorias de Becas y Oportunidades Internacionales - Relaciones Internacionales UNSE","og_description":"Desde la Direcci\u00f3n de Relaciones Internacionales, compartimos con nuestra comunidad acad\u00e9mica una serie de convocatorias de becas abiertas y disponibles en el Campus Argentina Global. Estas oportunidades est\u00e1n dirigidas a estudiantes, investigadores, docentes universitarios y profesionales de diversas disciplinas.","og_url":"https:\/\/dri.unse.edu.ar\/?p=2124","og_site_name":"Relaciones Internacionales UNSE","article_published_time":"2025-03-27T03:21:14+00:00","article_modified_time":"2025-03-27T03:37:42+00:00","og_image":[{"width":900,"height":600,"url":"https:\/\/dri.unse.edu.ar\/wp-content\/uploads\/2025\/03\/becas-campus-global-marzo2.jpg","type":"image\/jpeg"}],"author":"Fernando Ramirez","twitter_card":"summary_large_image","twitter_misc":{"Escrito por":"Fernando Ramirez","Tiempo de lectura":"1 minuto"},"schema":{"@context":"https:\/\/schema.org","@graph":[{"@type":"Article","@id":"https:\/\/dri.unse.edu.ar\/?p=2124#article","isPartOf":{"@id":"https:\/\/dri.unse.edu.ar\/?p=2124"},"author":{"name":"Fernando Ramirez","@id":"https:\/\/dri.unse.edu.ar\/#\/schema\/person\/496fab58fa69df6104710dd598905fcb"},"headline":"Convocatorias de Becas y Oportunidades Internacionales","datePublished":"2025-03-27T03:21:14+00:00","dateModified":"2025-03-27T03:37:42+00:00","mainEntityOfPage":{"@id":"https:\/\/dri.unse.edu.ar\/?p=2124"},"wordCount":439,"publisher":{"@id":"https:\/\/dri.unse.edu.ar\/#organization"},"image":{"@id":"https:\/\/dri.unse.edu.ar\/?p=2124#primaryimage"},"thumbnailUrl":"https:\/\/dri.unse.edu.ar\/wp-content\/uploads\/2025\/03\/becas-campus-global-marzo2.jpg","inLanguage":"es-AR"},{"@type":"WebPage","@id":"https:\/\/dri.unse.edu.ar\/?p=2124","url":"https:\/\/dri.unse.edu.ar\/?p=2124","name":"Convocatorias de Becas y Oportunidades Internacionales - Relaciones Internacionales UNSE","isPartOf":{"@id":"https:\/\/dri.unse.edu.ar\/#website"},"primaryImageOfPage":{"@id":"https:\/\/dri.unse.edu.ar\/?p=2124#primaryimage"},"image":{"@id":"https:\/\/dri.unse.edu.ar\/?p=2124#primaryimage"},"thumbnailUrl":"https:\/\/dri.unse.edu.ar\/wp-content\/uploads\/2025\/03\/becas-campus-global-marzo2.jpg","datePublished":"2025-03-27T03:21:14+00:00","dateModified":"2025-03-27T03:37:42+00:00","breadcrumb":{"@id":"https:\/\/dri.unse.edu.ar\/?p=2124#breadcrumb"},"inLanguage":"es-AR","potentialAction":[{"@type":"ReadAction","target":["https:\/\/dri.unse.edu.ar\/?p=2124"]}]},{"@type":"ImageObject","inLanguage":"es-AR","@id":"https:\/\/dri.unse.edu.ar\/?p=2124#primaryimage","url":"https:\/\/dri.unse.edu.ar\/wp-content\/uploads\/2025\/03\/becas-campus-global-marzo2.jpg","contentUrl":"https:\/\/dri.unse.edu.ar\/wp-content\/uploads\/2025\/03\/becas-campus-global-marzo2.jpg","width":900,"height":600},{"@type":"BreadcrumbList","@id":"https:\/\/dri.unse.edu.ar\/?p=2124#breadcrumb","itemListElement":[{"@type":"ListItem","position":1,"name":"Inicio","item":"https:\/\/dri.unse.edu.ar\/"},{"@type":"ListItem","position":2,"name":"Convocatorias de Becas y Oportunidades Internacionales"}]},{"@type":"WebSite","@id":"https:\/\/dri.unse.edu.ar\/#website","url":"https:\/\/dri.unse.edu.ar\/","name":"Relaciones Internacionales UNSE","description":"","publisher":{"@id":"https:\/\/dri.unse.edu.ar\/#organization"},"potentialAction":[{"@type":"SearchAction","target":{"@type":"EntryPoint","urlTemplate":"https:\/\/dri.unse.edu.ar\/?s={search_term_string}"},"query-input":{"@type":"PropertyValueSpecification","valueRequired":true,"valueName":"search_term_string"}}],"inLanguage":"es-AR"},{"@type":"Organization","@id":"https:\/\/dri.unse.edu.ar\/#organization","name":"Universidad Nacional de Santiago del Estero","url":"https:\/\/dri.unse.edu.ar\/","logo":{"@type":"ImageObject","inLanguage":"es-AR","@id":"https:\/\/dri.unse.edu.ar\/#\/schema\/logo\/image\/","url":"https:\/\/dri.unse.edu.ar\/wp-content\/uploads\/2019\/03\/logo-3.png","contentUrl":"https:\/\/dri.unse.edu.ar\/wp-content\/uploads\/2019\/03\/logo-3.png","width":816,"height":882,"caption":"Universidad Nacional de Santiago del Estero"},"image":{"@id":"https:\/\/dri.unse.edu.ar\/#\/schema\/logo\/image\/"}},{"@type":"Person","@id":"https:\/\/dri.unse.edu.ar\/#\/schema\/person\/496fab58fa69df6104710dd598905fcb","name":"Fernando Ramirez","image":{"@type":"ImageObject","inLanguage":"es-AR","@id":"https:\/\/dri.unse.edu.ar\/#\/schema\/person\/image\/","url":"https:\/\/secure.gravatar.com\/avatar\/e69d7532893031bedbb60e48f48bf927?s=96&d=mm&r=g","contentUrl":"https:\/\/secure.gravatar.com\/avatar\/e69d7532893031bedbb60e48f48bf927?s=96&d=mm&r=g","caption":"Fernando Ramirez"}}]}},"_links":{"self":[{"href":"https:\/\/dri.unse.edu.ar\/index.php?rest_route=\/wp\/v2\/posts\/2124"}],"collection":[{"href":"https:\/\/dri.unse.edu.ar\/index.php?rest_route=\/wp\/v2\/posts"}],"about":[{"href":"https:\/\/dri.unse.edu.ar\/index.php?rest_route=\/wp\/v2\/types\/post"}],"author":[{"embeddable":true,"href":"https:\/\/dri.unse.edu.ar\/index.php?rest_route=\/wp\/v2\/users\/4"}],"replies":[{"embeddable":true,"href":"https:\/\/dri.unse.edu.ar\/index.php?rest_route=%2Fwp%2Fv2%2Fcomments&post=2124"}],"version-history":[{"count":4,"href":"https:\/\/dri.unse.edu.ar\/index.php?rest_route=\/wp\/v2\/posts\/2124\/revisions"}],"predecessor-version":[{"id":2130,"href":"https:\/\/dri.unse.edu.ar\/index.php?rest_route=\/wp\/v2\/posts\/2124\/revisions\/2130"}],"wp:featuredmedia":[{"embeddable":true,"href":"https:\/\/dri.unse.edu.ar\/index.php?rest_route=\/wp\/v2\/media\/2125"}],"wp:attachment":[{"href":"https:\/\/dri.unse.edu.ar\/index.php?rest_route=%2Fwp%2Fv2%2Fmedia&parent=2124"}],"wp:term":[{"taxonomy":"category","embeddable":true,"href":"https:\/\/dri.unse.edu.ar\/index.php?rest_route=%2Fwp%2Fv2%2Fcategories&post=2124"},{"taxonomy":"post_tag","embeddable":true,"href":"https:\/\/dri.unse.edu.ar\/index.php?rest_route=%2Fwp%2Fv2%2Ftags&post=2124"}],"curies":[{"name":"wp","href":"https:\/\/api.w.org\/{rel}","templated":true}]}}