{"id":2116,"date":"2025-03-13T00:09:51","date_gmt":"2025-03-13T03:09:51","guid":{"rendered":"https:\/\/dri.unse.edu.ar\/?p=2116"},"modified":"2025-03-13T00:09:51","modified_gmt":"2025-03-13T03:09:51","slug":"convocatorias-abiertas-para-becas-subidas-a-campus-argentina-global","status":"publish","type":"post","link":"https:\/\/dri.unse.edu.ar\/?p=2116","title":{"rendered":"Convocatorias abiertas para becas subidas a Campus Argentina Global"},"content":{"rendered":"<p>[et_pb_section fb_built=&#8221;1&#8243; admin_label=&#8221;section&#8221; _builder_version=&#8221;4.27.2&#8243; background_color=&#8221;#FFFFFF&#8221; global_colors_info=&#8221;{}&#8221; theme_builder_area=&#8221;post_content&#8221;][et_pb_row admin_label=&#8221;row&#8221; _builder_version=&#8221;4.16&#8243; background_size=&#8221;initial&#8221; background_position=&#8221;top_left&#8221; background_repeat=&#8221;repeat&#8221; width=&#8221;100%&#8221; min_height=&#8221;890.4px&#8221; global_colors_info=&#8221;{}&#8221; theme_builder_area=&#8221;post_content&#8221;][et_pb_column type=&#8221;4_4&#8243; _builder_version=&#8221;4.16&#8243; custom_padding=&#8221;|||&#8221; global_colors_info=&#8221;{}&#8221; custom_padding__hover=&#8221;|||&#8221; theme_builder_area=&#8221;post_content&#8221;][et_pb_text admin_label=&#8221;Text&#8221; _builder_version=&#8221;4.16&#8243; background_size=&#8221;initial&#8221; background_position=&#8221;top_left&#8221; background_repeat=&#8221;repeat&#8221; global_colors_info=&#8221;{}&#8221; theme_builder_area=&#8221;post_content&#8221;]<\/p>\n<p data-pm-slice=\"1 1 []\"><span>Se encuentran abiertas diversas convocatorias internacionales para becas, cursos, pasant\u00edas y premios. A continuaci\u00f3n, te compartimos las oportunidades disponibles:<\/span><\/p>\n<h3><span><strong>Becas y Cursos Internacionales<\/strong><\/span><\/h3>\n<p><span><strong>Cursos en l\u00ednea o presenciales de Intercoonecta-AECID<\/strong><\/span><span> (Cierres entre 21\/3 y 28\/4)<\/span><br \/><span>M\u00e1s informaci\u00f3n: <\/span><span><a disabled=\"disabled\">https:\/\/www.argentina.gob.ar\/educacion\/campusargentinaglobal\/becas-extranjero\/cursos-enlinea-interconecta-aecid<\/a><\/span><\/p>\n<p><span><strong>Programa de pasant\u00edas del Banco Interamericano de Desarrollo<\/strong><\/span><span> (Cierre 23\/3)<\/span><br \/><span>M\u00e1s informaci\u00f3n: <\/span><span><a disabled=\"disabled\">https:\/\/www.argentina.gob.ar\/educacion\/campusargentinaglobal\/becas-extranjero\/pasantias-bid-usa<\/a><\/span><\/p>\n<p><span><strong>Subvenciones para la cooperaci\u00f3n en divulgaci\u00f3n cient\u00edfica con la Universidad St. Gallen en Suiza<\/strong><\/span><span> (Cierre 30\/3)<\/span><br \/><span>M\u00e1s informaci\u00f3n: <\/span><span><a disabled=\"disabled\">https:\/\/www.argentina.gob.ar\/capital-humano\/educacion\/campusargentinaglobal\/becas-extranjero\/subvenciones-para-la-cooperacion-en<\/a><\/span><\/p>\n<p><span><strong>Subvenciones para la cooperaci\u00f3n e investigaci\u00f3n con la Universidad St. Gallen en Suiza<\/strong><\/span><span> (Cierre 30\/4)<\/span><br \/><span>M\u00e1s informaci\u00f3n: <\/span><span><a disabled=\"disabled\">https:\/\/www.argentina.gob.ar\/subvenciones-para-la-cooperacion-e-investigacion-con-la-universidad-st-gallen-en-suiza<\/a><\/span><\/p>\n<p><span><strong>Becas de la Fundaci\u00f3n Pollock-Krasner para artistas visuales en Estados Unidos<\/strong><\/span><span> (Permanente)<\/span><br \/><span>M\u00e1s informaci\u00f3n: <\/span><span><a disabled=\"disabled\">https:\/\/www.argentina.gob.ar\/educacion\/campusglobal\/becas-extranjero\/pollock-krasner-usa<\/a><\/span><\/p>\n<p><span><strong>Becas para el Curso Internacional Cient\u00edfico de Verano del Instituto Weizmann en Israel<\/strong><\/span><span> (Cierre 15\/3)<\/span><br \/><span>M\u00e1s informaci\u00f3n: <\/span><span><a disabled=\"disabled\">https:\/\/www.argentina.gob.ar\/becas-para-el-instituto-internacional-cientifico-de-verano-del-instituto-weizmann-en-israel<\/a><\/span><\/p>\n<p><span><strong>Becas de la Comisi\u00f3n Fulbright para maestr\u00eda\/doctorado en Estados Unidos<\/strong><\/span><span> (Cierre 7\/4)<\/span><br \/><span>M\u00e1s informaci\u00f3n: <\/span><span><a disabled=\"disabled\">https:\/\/www.argentina.gob.ar\/educacion\/campusglobal\/becas-extranjero\/fulbright-masterdoctorado-usa<\/a><\/span><\/p>\n<p><span><strong>Beca Comisi\u00f3n Fulbright \u2013 IAPG Houston para maestr\u00eda en Estados Unidos<\/strong><\/span><span> (Cierre 7\/4)<\/span><br \/><span>M\u00e1s informaci\u00f3n: <\/span><span><a disabled=\"disabled\">https:\/\/www.argentina.gob.ar\/capital-humano\/educacion\/campusargentinaglobal\/becas-extranjero\/beca-comision-fulbright-iapg-houston<\/a><\/span><\/p>\n<p><span><strong>Becas de posgrado Fulbright \u2013 Consejo Federal de Inversiones en Estados Unidos<\/strong><\/span><span> (Cierre 7\/4)<\/span><br \/><span>M\u00e1s informaci\u00f3n: <\/span><span><a disabled=\"disabled\">https:\/\/www.argentina.gob.ar\/capital-humano\/educacion\/campusargentinaglobal\/becas-extranjero\/becas-de-posgrado-fulbright-consejo<\/a><\/span><\/p>\n<p><span><strong>Becas Fulbright-Jos\u00e9 Siderman en derechos humanos en Estados Unidos<\/strong><\/span><span> (Cierre 7\/4)<\/span><br \/><span>M\u00e1s informaci\u00f3n: <\/span><span><a disabled=\"disabled\">https:\/\/www.argentina.gob.ar\/educacion\/campusglobal\/becas-extranjero\/becas-fulbright-jose-siderman-ddhh-usa<\/a><\/span><\/p>\n<p><span><strong>Becas posdoctorales JSPS en Jap\u00f3n<\/strong><\/span><span> (Cierre 25\/4)<\/span><br \/><span>M\u00e1s informaci\u00f3n: <\/span><span><a disabled=\"disabled\">https:\/\/www.argentina.gob.ar\/capital-humano\/educacion\/campusargentinaglobal\/becas-extranjero\/becas-posdoctorales-jsps-en-japon<\/a><\/span><\/p>\n<p><span><strong>Becas JSPS de investigaci\u00f3n corta por invitaci\u00f3n en Jap\u00f3n<\/strong><\/span><span> (Cierre 25\/4)<\/span><br \/><span>M\u00e1s informaci\u00f3n: <\/span><span><a disabled=\"disabled\">https:\/\/www.argentina.gob.ar\/becas-jsps-de-investigacion-corta-por-invitacion-en-japon<\/a><\/span><\/p>\n<p><span>\ud83d\udcc5 <\/span><span><strong>Consulta todas las convocatorias abiertas y sus fechas de cierre aqu\u00ed:<\/strong><\/span><br \/><span>\ud83d\udc49 <\/span><span><a disabled=\"disabled\">https:\/\/www.argentina.gob.ar\/educacion\/campusargentinaglobal\/calendario<\/a><\/span><\/p>\n<p>[\/et_pb_text][\/et_pb_column][\/et_pb_row][\/et_pb_section]<\/p>\n","protected":false},"excerpt":{"rendered":"<p>Se encuentran abiertas diversas convocatorias internacionales para becas, cursos, pasant\u00edas y premios<\/p>\n","protected":false},"author":4,"featured_media":2117,"comment_status":"closed","ping_status":"closed","sticky":false,"template":"","format":"standard","meta":{"_et_pb_use_builder":"on","_et_pb_old_content":"","_et_gb_content_width":"","footnotes":""},"categories":[1],"tags":[],"class_list":["post-2116","post","type-post","status-publish","format-standard","has-post-thumbnail","hentry","category-sin-categoria"],"yoast_head":"<!-- This site is optimized with the Yoast SEO plugin v23.7 - https:\/\/yoast.com\/wordpress\/plugins\/seo\/ -->\n<title>Convocatorias abiertas para becas subidas a Campus Argentina Global - Relaciones Internacionales UNSE<\/title>\n<meta name=\"robots\" content=\"index, follow, max-snippet:-1, max-image-preview:large, max-video-preview:-1\" \/>\n<link rel=\"canonical\" href=\"https:\/\/dri.unse.edu.ar\/?p=2116\" \/>\n<meta property=\"og:locale\" content=\"es_ES\" \/>\n<meta property=\"og:type\" content=\"article\" \/>\n<meta property=\"og:title\" content=\"Convocatorias abiertas para becas subidas a Campus Argentina Global - Relaciones Internacionales UNSE\" \/>\n<meta property=\"og:description\" content=\"Se encuentran abiertas diversas convocatorias internacionales para becas, cursos, pasant\u00edas y premios\" \/>\n<meta property=\"og:url\" content=\"https:\/\/dri.unse.edu.ar\/?p=2116\" \/>\n<meta property=\"og:site_name\" content=\"Relaciones Internacionales UNSE\" \/>\n<meta property=\"article:published_time\" content=\"2025-03-13T03:09:51+00:00\" \/>\n<meta property=\"og:image\" content=\"https:\/\/dri.unse.edu.ar\/wp-content\/uploads\/2025\/03\/becas-campus-global-marzo.jpg\" \/>\n\t<meta property=\"og:image:width\" content=\"900\" \/>\n\t<meta property=\"og:image:height\" content=\"600\" \/>\n\t<meta property=\"og:image:type\" content=\"image\/jpeg\" \/>\n<meta name=\"author\" content=\"Fernando Ramirez\" \/>\n<meta name=\"twitter:card\" content=\"summary_large_image\" \/>\n<meta name=\"twitter:label1\" content=\"Escrito por\" \/>\n\t<meta name=\"twitter:data1\" content=\"Fernando Ramirez\" \/>\n\t<meta name=\"twitter:label2\" content=\"Tiempo de lectura\" \/>\n\t<meta name=\"twitter:data2\" content=\"1 minuto\" \/>\n<script type=\"application\/ld+json\" class=\"yoast-schema-graph\">{\"@context\":\"https:\/\/schema.org\",\"@graph\":[{\"@type\":\"Article\",\"@id\":\"https:\/\/dri.unse.edu.ar\/?p=2116#article\",\"isPartOf\":{\"@id\":\"https:\/\/dri.unse.edu.ar\/?p=2116\"},\"author\":{\"name\":\"Fernando Ramirez\",\"@id\":\"https:\/\/dri.unse.edu.ar\/#\/schema\/person\/496fab58fa69df6104710dd598905fcb\"},\"headline\":\"Convocatorias abiertas para becas subidas a Campus Argentina Global\",\"datePublished\":\"2025-03-13T03:09:51+00:00\",\"dateModified\":\"2025-03-13T03:09:51+00:00\",\"mainEntityOfPage\":{\"@id\":\"https:\/\/dri.unse.edu.ar\/?p=2116\"},\"wordCount\":464,\"publisher\":{\"@id\":\"https:\/\/dri.unse.edu.ar\/#organization\"},\"image\":{\"@id\":\"https:\/\/dri.unse.edu.ar\/?p=2116#primaryimage\"},\"thumbnailUrl\":\"https:\/\/dri.unse.edu.ar\/wp-content\/uploads\/2025\/03\/becas-campus-global-marzo.jpg\",\"inLanguage\":\"es-AR\"},{\"@type\":\"WebPage\",\"@id\":\"https:\/\/dri.unse.edu.ar\/?p=2116\",\"url\":\"https:\/\/dri.unse.edu.ar\/?p=2116\",\"name\":\"Convocatorias abiertas para becas subidas a Campus Argentina Global - Relaciones Internacionales UNSE\",\"isPartOf\":{\"@id\":\"https:\/\/dri.unse.edu.ar\/#website\"},\"primaryImageOfPage\":{\"@id\":\"https:\/\/dri.unse.edu.ar\/?p=2116#primaryimage\"},\"image\":{\"@id\":\"https:\/\/dri.unse.edu.ar\/?p=2116#primaryimage\"},\"thumbnailUrl\":\"https:\/\/dri.unse.edu.ar\/wp-content\/uploads\/2025\/03\/becas-campus-global-marzo.jpg\",\"datePublished\":\"2025-03-13T03:09:51+00:00\",\"dateModified\":\"2025-03-13T03:09:51+00:00\",\"breadcrumb\":{\"@id\":\"https:\/\/dri.unse.edu.ar\/?p=2116#breadcrumb\"},\"inLanguage\":\"es-AR\",\"potentialAction\":[{\"@type\":\"ReadAction\",\"target\":[\"https:\/\/dri.unse.edu.ar\/?p=2116\"]}]},{\"@type\":\"ImageObject\",\"inLanguage\":\"es-AR\",\"@id\":\"https:\/\/dri.unse.edu.ar\/?p=2116#primaryimage\",\"url\":\"https:\/\/dri.unse.edu.ar\/wp-content\/uploads\/2025\/03\/becas-campus-global-marzo.jpg\",\"contentUrl\":\"https:\/\/dri.unse.edu.ar\/wp-content\/uploads\/2025\/03\/becas-campus-global-marzo.jpg\",\"width\":900,\"height\":600},{\"@type\":\"BreadcrumbList\",\"@id\":\"https:\/\/dri.unse.edu.ar\/?p=2116#breadcrumb\",\"itemListElement\":[{\"@type\":\"ListItem\",\"position\":1,\"name\":\"Inicio\",\"item\":\"https:\/\/dri.unse.edu.ar\/\"},{\"@type\":\"ListItem\",\"position\":2,\"name\":\"Convocatorias abiertas para becas subidas a Campus Argentina Global\"}]},{\"@type\":\"WebSite\",\"@id\":\"https:\/\/dri.unse.edu.ar\/#website\",\"url\":\"https:\/\/dri.unse.edu.ar\/\",\"name\":\"Relaciones Internacionales UNSE\",\"description\":\"\",\"publisher\":{\"@id\":\"https:\/\/dri.unse.edu.ar\/#organization\"},\"potentialAction\":[{\"@type\":\"SearchAction\",\"target\":{\"@type\":\"EntryPoint\",\"urlTemplate\":\"https:\/\/dri.unse.edu.ar\/?s={search_term_string}\"},\"query-input\":{\"@type\":\"PropertyValueSpecification\",\"valueRequired\":true,\"valueName\":\"search_term_string\"}}],\"inLanguage\":\"es-AR\"},{\"@type\":\"Organization\",\"@id\":\"https:\/\/dri.unse.edu.ar\/#organization\",\"name\":\"Universidad Nacional de Santiago del Estero\",\"url\":\"https:\/\/dri.unse.edu.ar\/\",\"logo\":{\"@type\":\"ImageObject\",\"inLanguage\":\"es-AR\",\"@id\":\"https:\/\/dri.unse.edu.ar\/#\/schema\/logo\/image\/\",\"url\":\"https:\/\/dri.unse.edu.ar\/wp-content\/uploads\/2019\/03\/logo-3.png\",\"contentUrl\":\"https:\/\/dri.unse.edu.ar\/wp-content\/uploads\/2019\/03\/logo-3.png\",\"width\":816,\"height\":882,\"caption\":\"Universidad Nacional de Santiago del Estero\"},\"image\":{\"@id\":\"https:\/\/dri.unse.edu.ar\/#\/schema\/logo\/image\/\"}},{\"@type\":\"Person\",\"@id\":\"https:\/\/dri.unse.edu.ar\/#\/schema\/person\/496fab58fa69df6104710dd598905fcb\",\"name\":\"Fernando Ramirez\",\"image\":{\"@type\":\"ImageObject\",\"inLanguage\":\"es-AR\",\"@id\":\"https:\/\/dri.unse.edu.ar\/#\/schema\/person\/image\/\",\"url\":\"https:\/\/secure.gravatar.com\/avatar\/e69d7532893031bedbb60e48f48bf927?s=96&d=mm&r=g\",\"contentUrl\":\"https:\/\/secure.gravatar.com\/avatar\/e69d7532893031bedbb60e48f48bf927?s=96&d=mm&r=g\",\"caption\":\"Fernando Ramirez\"}}]}<\/script>\n<!-- \/ Yoast SEO plugin. -->","yoast_head_json":{"title":"Convocatorias abiertas para becas subidas a Campus Argentina Global - Relaciones Internacionales UNSE","robots":{"index":"index","follow":"follow","max-snippet":"max-snippet:-1","max-image-preview":"max-image-preview:large","max-video-preview":"max-video-preview:-1"},"canonical":"https:\/\/dri.unse.edu.ar\/?p=2116","og_locale":"es_ES","og_type":"article","og_title":"Convocatorias abiertas para becas subidas a Campus Argentina Global - Relaciones Internacionales UNSE","og_description":"Se encuentran abiertas diversas convocatorias internacionales para becas, cursos, pasant\u00edas y premios","og_url":"https:\/\/dri.unse.edu.ar\/?p=2116","og_site_name":"Relaciones Internacionales UNSE","article_published_time":"2025-03-13T03:09:51+00:00","og_image":[{"width":900,"height":600,"url":"https:\/\/dri.unse.edu.ar\/wp-content\/uploads\/2025\/03\/becas-campus-global-marzo.jpg","type":"image\/jpeg"}],"author":"Fernando Ramirez","twitter_card":"summary_large_image","twitter_misc":{"Escrito por":"Fernando Ramirez","Tiempo de lectura":"1 minuto"},"schema":{"@context":"https:\/\/schema.org","@graph":[{"@type":"Article","@id":"https:\/\/dri.unse.edu.ar\/?p=2116#article","isPartOf":{"@id":"https:\/\/dri.unse.edu.ar\/?p=2116"},"author":{"name":"Fernando Ramirez","@id":"https:\/\/dri.unse.edu.ar\/#\/schema\/person\/496fab58fa69df6104710dd598905fcb"},"headline":"Convocatorias abiertas para becas subidas a Campus Argentina Global","datePublished":"2025-03-13T03:09:51+00:00","dateModified":"2025-03-13T03:09:51+00:00","mainEntityOfPage":{"@id":"https:\/\/dri.unse.edu.ar\/?p=2116"},"wordCount":464,"publisher":{"@id":"https:\/\/dri.unse.edu.ar\/#organization"},"image":{"@id":"https:\/\/dri.unse.edu.ar\/?p=2116#primaryimage"},"thumbnailUrl":"https:\/\/dri.unse.edu.ar\/wp-content\/uploads\/2025\/03\/becas-campus-global-marzo.jpg","inLanguage":"es-AR"},{"@type":"WebPage","@id":"https:\/\/dri.unse.edu.ar\/?p=2116","url":"https:\/\/dri.unse.edu.ar\/?p=2116","name":"Convocatorias abiertas para becas subidas a Campus Argentina Global - Relaciones Internacionales UNSE","isPartOf":{"@id":"https:\/\/dri.unse.edu.ar\/#website"},"primaryImageOfPage":{"@id":"https:\/\/dri.unse.edu.ar\/?p=2116#primaryimage"},"image":{"@id":"https:\/\/dri.unse.edu.ar\/?p=2116#primaryimage"},"thumbnailUrl":"https:\/\/dri.unse.edu.ar\/wp-content\/uploads\/2025\/03\/becas-campus-global-marzo.jpg","datePublished":"2025-03-13T03:09:51+00:00","dateModified":"2025-03-13T03:09:51+00:00","breadcrumb":{"@id":"https:\/\/dri.unse.edu.ar\/?p=2116#breadcrumb"},"inLanguage":"es-AR","potentialAction":[{"@type":"ReadAction","target":["https:\/\/dri.unse.edu.ar\/?p=2116"]}]},{"@type":"ImageObject","inLanguage":"es-AR","@id":"https:\/\/dri.unse.edu.ar\/?p=2116#primaryimage","url":"https:\/\/dri.unse.edu.ar\/wp-content\/uploads\/2025\/03\/becas-campus-global-marzo.jpg","contentUrl":"https:\/\/dri.unse.edu.ar\/wp-content\/uploads\/2025\/03\/becas-campus-global-marzo.jpg","width":900,"height":600},{"@type":"BreadcrumbList","@id":"https:\/\/dri.unse.edu.ar\/?p=2116#breadcrumb","itemListElement":[{"@type":"ListItem","position":1,"name":"Inicio","item":"https:\/\/dri.unse.edu.ar\/"},{"@type":"ListItem","position":2,"name":"Convocatorias abiertas para becas subidas a Campus Argentina Global"}]},{"@type":"WebSite","@id":"https:\/\/dri.unse.edu.ar\/#website","url":"https:\/\/dri.unse.edu.ar\/","name":"Relaciones Internacionales UNSE","description":"","publisher":{"@id":"https:\/\/dri.unse.edu.ar\/#organization"},"potentialAction":[{"@type":"SearchAction","target":{"@type":"EntryPoint","urlTemplate":"https:\/\/dri.unse.edu.ar\/?s={search_term_string}"},"query-input":{"@type":"PropertyValueSpecification","valueRequired":true,"valueName":"search_term_string"}}],"inLanguage":"es-AR"},{"@type":"Organization","@id":"https:\/\/dri.unse.edu.ar\/#organization","name":"Universidad Nacional de Santiago del Estero","url":"https:\/\/dri.unse.edu.ar\/","logo":{"@type":"ImageObject","inLanguage":"es-AR","@id":"https:\/\/dri.unse.edu.ar\/#\/schema\/logo\/image\/","url":"https:\/\/dri.unse.edu.ar\/wp-content\/uploads\/2019\/03\/logo-3.png","contentUrl":"https:\/\/dri.unse.edu.ar\/wp-content\/uploads\/2019\/03\/logo-3.png","width":816,"height":882,"caption":"Universidad Nacional de Santiago del Estero"},"image":{"@id":"https:\/\/dri.unse.edu.ar\/#\/schema\/logo\/image\/"}},{"@type":"Person","@id":"https:\/\/dri.unse.edu.ar\/#\/schema\/person\/496fab58fa69df6104710dd598905fcb","name":"Fernando Ramirez","image":{"@type":"ImageObject","inLanguage":"es-AR","@id":"https:\/\/dri.unse.edu.ar\/#\/schema\/person\/image\/","url":"https:\/\/secure.gravatar.com\/avatar\/e69d7532893031bedbb60e48f48bf927?s=96&d=mm&r=g","contentUrl":"https:\/\/secure.gravatar.com\/avatar\/e69d7532893031bedbb60e48f48bf927?s=96&d=mm&r=g","caption":"Fernando Ramirez"}}]}},"_links":{"self":[{"href":"https:\/\/dri.unse.edu.ar\/index.php?rest_route=\/wp\/v2\/posts\/2116"}],"collection":[{"href":"https:\/\/dri.unse.edu.ar\/index.php?rest_route=\/wp\/v2\/posts"}],"about":[{"href":"https:\/\/dri.unse.edu.ar\/index.php?rest_route=\/wp\/v2\/types\/post"}],"author":[{"embeddable":true,"href":"https:\/\/dri.unse.edu.ar\/index.php?rest_route=\/wp\/v2\/users\/4"}],"replies":[{"embeddable":true,"href":"https:\/\/dri.unse.edu.ar\/index.php?rest_route=%2Fwp%2Fv2%2Fcomments&post=2116"}],"version-history":[{"count":2,"href":"https:\/\/dri.unse.edu.ar\/index.php?rest_route=\/wp\/v2\/posts\/2116\/revisions"}],"predecessor-version":[{"id":2122,"href":"https:\/\/dri.unse.edu.ar\/index.php?rest_route=\/wp\/v2\/posts\/2116\/revisions\/2122"}],"wp:featuredmedia":[{"embeddable":true,"href":"https:\/\/dri.unse.edu.ar\/index.php?rest_route=\/wp\/v2\/media\/2117"}],"wp:attachment":[{"href":"https:\/\/dri.unse.edu.ar\/index.php?rest_route=%2Fwp%2Fv2%2Fmedia&parent=2116"}],"wp:term":[{"taxonomy":"category","embeddable":true,"href":"https:\/\/dri.unse.edu.ar\/index.php?rest_route=%2Fwp%2Fv2%2Fcategories&post=2116"},{"taxonomy":"post_tag","embeddable":true,"href":"https:\/\/dri.unse.edu.ar\/index.php?rest_route=%2Fwp%2Fv2%2Ftags&post=2116"}],"curies":[{"name":"wp","href":"https:\/\/api.w.org\/{rel}","templated":true}]}}