{"id":1707,"date":"2023-06-12T12:19:00","date_gmt":"2023-06-12T15:19:00","guid":{"rendered":"https:\/\/unsedri.com\/?p=1707"},"modified":"2025-02-04T13:30:19","modified_gmt":"2025-02-04T16:30:19","slug":"convocatoria-para-preseleccion-de-postulantes-programa-erasmus-de-movilidad-de-estudiantes-de-grado-de-educacion-superior","status":"publish","type":"post","link":"https:\/\/dri.unse.edu.ar\/?p=1707","title":{"rendered":"Convocatoria para preselecci\u00f3n de postulantes: Programa Erasmus + de movilidad de estudiantes de grado de educaci\u00f3n superior"},"content":{"rendered":"<h2><\/h2>\n<h4>Convocatoria para preselecci\u00f3n de postulantes: Programa Erasmus + de movilidad de estudiantes de grado de educaci\u00f3n superior<\/h4>\n<p>Convocatoria para preselecci\u00f3n de postulantes <b>Programa Erasmus + de movilidad de estudiantes de grado de educaci\u00f3n superior entre pa\u00edses asociados y el Campus de Excelencia Internacional Agroalimentario ceiA3<\/b> (Proyecto KA 171)<\/p>\n<p><b>Per\u00edodo de inscripci\u00f3n:<\/b> El per\u00edodo de inscripci\u00f3n a la convocatoria ser\u00e1 desde el lunes<b> 12\/06\/2023 hasta el 26\/06\/2023<\/b> a las 12:00 h<\/p>\n<p><b>Plazas : <\/b>1 (una) para movilidad de estudiante de grado en per\u00edodo primer semestre de 2024<\/p>\n<p><b>Duraci\u00f3n de la movilidad<\/b> 4 (cuatro) meses<\/p>\n<p><b>Carreras:<\/b><br \/>\n&#8211; Ingenier\u00eda Agron\u00f3mica<br \/>\n&#8211; Ingenier\u00eda en Alimentos<\/p>\n<p>Universidades de destino elegibles<br \/>\n&#8211; Universidad de Almer\u00eda (<a href=\"https:\/\/www.ual.es\">www.ual.es<\/a>)<br \/>\n&#8211; Universidad de C\u00e1diz (<a href=\"https:\/\/www.uca.es\">www.uca.es<\/a>)<br \/>\n&#8211; Universidad de C\u00f3rdoba (<a href=\"https:\/\/www.uco.es\">www.uco.es<\/a>)<br \/>\n&#8211; Universidad de Huelva (<a href=\"https:\/\/www.uhu.es\">www.uhu.es<\/a>)<br \/>\n&#8211; Universidad de Ja\u00e9n (<a href=\"https:\/\/www.ujaen.es\">www.ujaen.es<\/a>)<\/p>\n<p><b>Modalidad de Inscripci\u00f3n: <\/b><a href=\"https:\/\/bit.ly\/erasmus-faya\">https:\/\/bit.ly\/erasmus-faya<\/a><\/p>\n<p><b>Correo electr\u00f3nico de contacto: <\/b><a href=\"mailto:vinculacionfaya@gmail.com\" target=\"_blank\" rel=\"noopener\">vinculacionfaya@gmail.com<\/a><\/p>\n","protected":false},"excerpt":{"rendered":"<p>Se encuentra abierta la convocatoria. destinada a estudiantes de las carreras Ingenier\u00eda Agron\u00f3mica e Ingenier\u00eda en Alimentos <\/p>\n","protected":false},"author":1,"featured_media":1708,"comment_status":"open","ping_status":"open","sticky":false,"template":"","format":"standard","meta":{"_et_pb_use_builder":"","_et_pb_old_content":"","_et_gb_content_width":"","footnotes":""},"categories":[1],"tags":[],"class_list":["post-1707","post","type-post","status-publish","format-standard","has-post-thumbnail","hentry","category-sin-categoria"],"yoast_head":"<!-- This site is optimized with the Yoast SEO plugin v23.7 - https:\/\/yoast.com\/wordpress\/plugins\/seo\/ -->\n<title>Convocatoria para preselecci\u00f3n de postulantes: Programa Erasmus + de movilidad de estudiantes de grado de educaci\u00f3n superior - Relaciones Internacionales UNSE<\/title>\n<meta name=\"robots\" content=\"index, follow, max-snippet:-1, max-image-preview:large, max-video-preview:-1\" \/>\n<link rel=\"canonical\" href=\"https:\/\/dri.unse.edu.ar\/?p=1707\" \/>\n<meta property=\"og:locale\" content=\"es_ES\" \/>\n<meta property=\"og:type\" content=\"article\" \/>\n<meta property=\"og:title\" content=\"Convocatoria para preselecci\u00f3n de postulantes: Programa Erasmus + de movilidad de estudiantes de grado de educaci\u00f3n superior - Relaciones Internacionales UNSE\" \/>\n<meta property=\"og:description\" content=\"Se encuentra abierta la convocatoria. destinada a estudiantes de las carreras Ingenier\u00eda Agron\u00f3mica e Ingenier\u00eda en Alimentos\" \/>\n<meta property=\"og:url\" content=\"https:\/\/dri.unse.edu.ar\/?p=1707\" \/>\n<meta property=\"og:site_name\" content=\"Relaciones Internacionales UNSE\" \/>\n<meta property=\"article:published_time\" content=\"2023-06-12T15:19:00+00:00\" \/>\n<meta property=\"article:modified_time\" content=\"2025-02-04T16:30:19+00:00\" \/>\n<meta property=\"og:image\" content=\"https:\/\/dri.unse.edu.ar\/wp-content\/uploads\/2023\/06\/erasmus-faya-copia.jpg\" \/>\n\t<meta property=\"og:image:width\" content=\"900\" \/>\n\t<meta property=\"og:image:height\" content=\"600\" \/>\n\t<meta property=\"og:image:type\" content=\"image\/jpeg\" \/>\n<meta name=\"author\" content=\"admin\" \/>\n<meta name=\"twitter:card\" content=\"summary_large_image\" \/>\n<meta name=\"twitter:label1\" content=\"Escrito por\" \/>\n\t<meta name=\"twitter:data1\" content=\"admin\" \/>\n\t<meta name=\"twitter:label2\" content=\"Tiempo de lectura\" \/>\n\t<meta name=\"twitter:data2\" content=\"3 minutos\" \/>\n<script type=\"application\/ld+json\" class=\"yoast-schema-graph\">{\"@context\":\"https:\/\/schema.org\",\"@graph\":[{\"@type\":\"Article\",\"@id\":\"https:\/\/dri.unse.edu.ar\/?p=1707#article\",\"isPartOf\":{\"@id\":\"https:\/\/dri.unse.edu.ar\/?p=1707\"},\"author\":{\"name\":\"admin\",\"@id\":\"https:\/\/dri.unse.edu.ar\/#\/schema\/person\/e88461562537ca530352f979aaf6b274\"},\"headline\":\"Convocatoria para preselecci\u00f3n de postulantes: Programa Erasmus + de movilidad de estudiantes de grado de educaci\u00f3n superior\",\"datePublished\":\"2023-06-12T15:19:00+00:00\",\"dateModified\":\"2025-02-04T16:30:19+00:00\",\"mainEntityOfPage\":{\"@id\":\"https:\/\/dri.unse.edu.ar\/?p=1707\"},\"wordCount\":182,\"commentCount\":0,\"publisher\":{\"@id\":\"https:\/\/dri.unse.edu.ar\/#organization\"},\"image\":{\"@id\":\"https:\/\/dri.unse.edu.ar\/?p=1707#primaryimage\"},\"thumbnailUrl\":\"https:\/\/dri.unse.edu.ar\/wp-content\/uploads\/2023\/06\/erasmus-faya-copia.jpg\",\"inLanguage\":\"es-AR\",\"potentialAction\":[{\"@type\":\"CommentAction\",\"name\":\"Comment\",\"target\":[\"https:\/\/dri.unse.edu.ar\/?p=1707#respond\"]}]},{\"@type\":\"WebPage\",\"@id\":\"https:\/\/dri.unse.edu.ar\/?p=1707\",\"url\":\"https:\/\/dri.unse.edu.ar\/?p=1707\",\"name\":\"Convocatoria para preselecci\u00f3n de postulantes: Programa Erasmus + de movilidad de estudiantes de grado de educaci\u00f3n superior - Relaciones Internacionales UNSE\",\"isPartOf\":{\"@id\":\"https:\/\/dri.unse.edu.ar\/#website\"},\"primaryImageOfPage\":{\"@id\":\"https:\/\/dri.unse.edu.ar\/?p=1707#primaryimage\"},\"image\":{\"@id\":\"https:\/\/dri.unse.edu.ar\/?p=1707#primaryimage\"},\"thumbnailUrl\":\"https:\/\/dri.unse.edu.ar\/wp-content\/uploads\/2023\/06\/erasmus-faya-copia.jpg\",\"datePublished\":\"2023-06-12T15:19:00+00:00\",\"dateModified\":\"2025-02-04T16:30:19+00:00\",\"breadcrumb\":{\"@id\":\"https:\/\/dri.unse.edu.ar\/?p=1707#breadcrumb\"},\"inLanguage\":\"es-AR\",\"potentialAction\":[{\"@type\":\"ReadAction\",\"target\":[\"https:\/\/dri.unse.edu.ar\/?p=1707\"]}]},{\"@type\":\"ImageObject\",\"inLanguage\":\"es-AR\",\"@id\":\"https:\/\/dri.unse.edu.ar\/?p=1707#primaryimage\",\"url\":\"https:\/\/dri.unse.edu.ar\/wp-content\/uploads\/2023\/06\/erasmus-faya-copia.jpg\",\"contentUrl\":\"https:\/\/dri.unse.edu.ar\/wp-content\/uploads\/2023\/06\/erasmus-faya-copia.jpg\",\"width\":900,\"height\":600},{\"@type\":\"BreadcrumbList\",\"@id\":\"https:\/\/dri.unse.edu.ar\/?p=1707#breadcrumb\",\"itemListElement\":[{\"@type\":\"ListItem\",\"position\":1,\"name\":\"Inicio\",\"item\":\"https:\/\/dri.unse.edu.ar\/\"},{\"@type\":\"ListItem\",\"position\":2,\"name\":\"Convocatoria para preselecci\u00f3n de postulantes: Programa Erasmus + de movilidad de estudiantes de grado de educaci\u00f3n superior\"}]},{\"@type\":\"WebSite\",\"@id\":\"https:\/\/dri.unse.edu.ar\/#website\",\"url\":\"https:\/\/dri.unse.edu.ar\/\",\"name\":\"Relaciones Internacionales UNSE\",\"description\":\"\",\"publisher\":{\"@id\":\"https:\/\/dri.unse.edu.ar\/#organization\"},\"potentialAction\":[{\"@type\":\"SearchAction\",\"target\":{\"@type\":\"EntryPoint\",\"urlTemplate\":\"https:\/\/dri.unse.edu.ar\/?s={search_term_string}\"},\"query-input\":{\"@type\":\"PropertyValueSpecification\",\"valueRequired\":true,\"valueName\":\"search_term_string\"}}],\"inLanguage\":\"es-AR\"},{\"@type\":\"Organization\",\"@id\":\"https:\/\/dri.unse.edu.ar\/#organization\",\"name\":\"Universidad Nacional de Santiago del Estero\",\"url\":\"https:\/\/dri.unse.edu.ar\/\",\"logo\":{\"@type\":\"ImageObject\",\"inLanguage\":\"es-AR\",\"@id\":\"https:\/\/dri.unse.edu.ar\/#\/schema\/logo\/image\/\",\"url\":\"https:\/\/dri.unse.edu.ar\/wp-content\/uploads\/2019\/03\/logo-3.png\",\"contentUrl\":\"https:\/\/dri.unse.edu.ar\/wp-content\/uploads\/2019\/03\/logo-3.png\",\"width\":816,\"height\":882,\"caption\":\"Universidad Nacional de Santiago del Estero\"},\"image\":{\"@id\":\"https:\/\/dri.unse.edu.ar\/#\/schema\/logo\/image\/\"}},{\"@type\":\"Person\",\"@id\":\"https:\/\/dri.unse.edu.ar\/#\/schema\/person\/e88461562537ca530352f979aaf6b274\",\"name\":\"admin\",\"image\":{\"@type\":\"ImageObject\",\"inLanguage\":\"es-AR\",\"@id\":\"https:\/\/dri.unse.edu.ar\/#\/schema\/person\/image\/\",\"url\":\"https:\/\/secure.gravatar.com\/avatar\/53147b1af535a81fd92a2bd6d97fb9b9?s=96&d=mm&r=g\",\"contentUrl\":\"https:\/\/secure.gravatar.com\/avatar\/53147b1af535a81fd92a2bd6d97fb9b9?s=96&d=mm&r=g\",\"caption\":\"admin\"}}]}<\/script>\n<!-- \/ Yoast SEO plugin. -->","yoast_head_json":{"title":"Convocatoria para preselecci\u00f3n de postulantes: Programa Erasmus + de movilidad de estudiantes de grado de educaci\u00f3n superior - Relaciones Internacionales UNSE","robots":{"index":"index","follow":"follow","max-snippet":"max-snippet:-1","max-image-preview":"max-image-preview:large","max-video-preview":"max-video-preview:-1"},"canonical":"https:\/\/dri.unse.edu.ar\/?p=1707","og_locale":"es_ES","og_type":"article","og_title":"Convocatoria para preselecci\u00f3n de postulantes: Programa Erasmus + de movilidad de estudiantes de grado de educaci\u00f3n superior - Relaciones Internacionales UNSE","og_description":"Se encuentra abierta la convocatoria. destinada a estudiantes de las carreras Ingenier\u00eda Agron\u00f3mica e Ingenier\u00eda en Alimentos","og_url":"https:\/\/dri.unse.edu.ar\/?p=1707","og_site_name":"Relaciones Internacionales UNSE","article_published_time":"2023-06-12T15:19:00+00:00","article_modified_time":"2025-02-04T16:30:19+00:00","og_image":[{"width":900,"height":600,"url":"https:\/\/dri.unse.edu.ar\/wp-content\/uploads\/2023\/06\/erasmus-faya-copia.jpg","type":"image\/jpeg"}],"author":"admin","twitter_card":"summary_large_image","twitter_misc":{"Escrito por":"admin","Tiempo de lectura":"3 minutos"},"schema":{"@context":"https:\/\/schema.org","@graph":[{"@type":"Article","@id":"https:\/\/dri.unse.edu.ar\/?p=1707#article","isPartOf":{"@id":"https:\/\/dri.unse.edu.ar\/?p=1707"},"author":{"name":"admin","@id":"https:\/\/dri.unse.edu.ar\/#\/schema\/person\/e88461562537ca530352f979aaf6b274"},"headline":"Convocatoria para preselecci\u00f3n de postulantes: Programa Erasmus + de movilidad de estudiantes de grado de educaci\u00f3n superior","datePublished":"2023-06-12T15:19:00+00:00","dateModified":"2025-02-04T16:30:19+00:00","mainEntityOfPage":{"@id":"https:\/\/dri.unse.edu.ar\/?p=1707"},"wordCount":182,"commentCount":0,"publisher":{"@id":"https:\/\/dri.unse.edu.ar\/#organization"},"image":{"@id":"https:\/\/dri.unse.edu.ar\/?p=1707#primaryimage"},"thumbnailUrl":"https:\/\/dri.unse.edu.ar\/wp-content\/uploads\/2023\/06\/erasmus-faya-copia.jpg","inLanguage":"es-AR","potentialAction":[{"@type":"CommentAction","name":"Comment","target":["https:\/\/dri.unse.edu.ar\/?p=1707#respond"]}]},{"@type":"WebPage","@id":"https:\/\/dri.unse.edu.ar\/?p=1707","url":"https:\/\/dri.unse.edu.ar\/?p=1707","name":"Convocatoria para preselecci\u00f3n de postulantes: Programa Erasmus + de movilidad de estudiantes de grado de educaci\u00f3n superior - Relaciones Internacionales UNSE","isPartOf":{"@id":"https:\/\/dri.unse.edu.ar\/#website"},"primaryImageOfPage":{"@id":"https:\/\/dri.unse.edu.ar\/?p=1707#primaryimage"},"image":{"@id":"https:\/\/dri.unse.edu.ar\/?p=1707#primaryimage"},"thumbnailUrl":"https:\/\/dri.unse.edu.ar\/wp-content\/uploads\/2023\/06\/erasmus-faya-copia.jpg","datePublished":"2023-06-12T15:19:00+00:00","dateModified":"2025-02-04T16:30:19+00:00","breadcrumb":{"@id":"https:\/\/dri.unse.edu.ar\/?p=1707#breadcrumb"},"inLanguage":"es-AR","potentialAction":[{"@type":"ReadAction","target":["https:\/\/dri.unse.edu.ar\/?p=1707"]}]},{"@type":"ImageObject","inLanguage":"es-AR","@id":"https:\/\/dri.unse.edu.ar\/?p=1707#primaryimage","url":"https:\/\/dri.unse.edu.ar\/wp-content\/uploads\/2023\/06\/erasmus-faya-copia.jpg","contentUrl":"https:\/\/dri.unse.edu.ar\/wp-content\/uploads\/2023\/06\/erasmus-faya-copia.jpg","width":900,"height":600},{"@type":"BreadcrumbList","@id":"https:\/\/dri.unse.edu.ar\/?p=1707#breadcrumb","itemListElement":[{"@type":"ListItem","position":1,"name":"Inicio","item":"https:\/\/dri.unse.edu.ar\/"},{"@type":"ListItem","position":2,"name":"Convocatoria para preselecci\u00f3n de postulantes: Programa Erasmus + de movilidad de estudiantes de grado de educaci\u00f3n superior"}]},{"@type":"WebSite","@id":"https:\/\/dri.unse.edu.ar\/#website","url":"https:\/\/dri.unse.edu.ar\/","name":"Relaciones Internacionales UNSE","description":"","publisher":{"@id":"https:\/\/dri.unse.edu.ar\/#organization"},"potentialAction":[{"@type":"SearchAction","target":{"@type":"EntryPoint","urlTemplate":"https:\/\/dri.unse.edu.ar\/?s={search_term_string}"},"query-input":{"@type":"PropertyValueSpecification","valueRequired":true,"valueName":"search_term_string"}}],"inLanguage":"es-AR"},{"@type":"Organization","@id":"https:\/\/dri.unse.edu.ar\/#organization","name":"Universidad Nacional de Santiago del Estero","url":"https:\/\/dri.unse.edu.ar\/","logo":{"@type":"ImageObject","inLanguage":"es-AR","@id":"https:\/\/dri.unse.edu.ar\/#\/schema\/logo\/image\/","url":"https:\/\/dri.unse.edu.ar\/wp-content\/uploads\/2019\/03\/logo-3.png","contentUrl":"https:\/\/dri.unse.edu.ar\/wp-content\/uploads\/2019\/03\/logo-3.png","width":816,"height":882,"caption":"Universidad Nacional de Santiago del Estero"},"image":{"@id":"https:\/\/dri.unse.edu.ar\/#\/schema\/logo\/image\/"}},{"@type":"Person","@id":"https:\/\/dri.unse.edu.ar\/#\/schema\/person\/e88461562537ca530352f979aaf6b274","name":"admin","image":{"@type":"ImageObject","inLanguage":"es-AR","@id":"https:\/\/dri.unse.edu.ar\/#\/schema\/person\/image\/","url":"https:\/\/secure.gravatar.com\/avatar\/53147b1af535a81fd92a2bd6d97fb9b9?s=96&d=mm&r=g","contentUrl":"https:\/\/secure.gravatar.com\/avatar\/53147b1af535a81fd92a2bd6d97fb9b9?s=96&d=mm&r=g","caption":"admin"}}]}},"_links":{"self":[{"href":"https:\/\/dri.unse.edu.ar\/index.php?rest_route=\/wp\/v2\/posts\/1707"}],"collection":[{"href":"https:\/\/dri.unse.edu.ar\/index.php?rest_route=\/wp\/v2\/posts"}],"about":[{"href":"https:\/\/dri.unse.edu.ar\/index.php?rest_route=\/wp\/v2\/types\/post"}],"author":[{"embeddable":true,"href":"https:\/\/dri.unse.edu.ar\/index.php?rest_route=\/wp\/v2\/users\/1"}],"replies":[{"embeddable":true,"href":"https:\/\/dri.unse.edu.ar\/index.php?rest_route=%2Fwp%2Fv2%2Fcomments&post=1707"}],"version-history":[{"count":5,"href":"https:\/\/dri.unse.edu.ar\/index.php?rest_route=\/wp\/v2\/posts\/1707\/revisions"}],"predecessor-version":[{"id":2005,"href":"https:\/\/dri.unse.edu.ar\/index.php?rest_route=\/wp\/v2\/posts\/1707\/revisions\/2005"}],"wp:featuredmedia":[{"embeddable":true,"href":"https:\/\/dri.unse.edu.ar\/index.php?rest_route=\/wp\/v2\/media\/1708"}],"wp:attachment":[{"href":"https:\/\/dri.unse.edu.ar\/index.php?rest_route=%2Fwp%2Fv2%2Fmedia&parent=1707"}],"wp:term":[{"taxonomy":"category","embeddable":true,"href":"https:\/\/dri.unse.edu.ar\/index.php?rest_route=%2Fwp%2Fv2%2Fcategories&post=1707"},{"taxonomy":"post_tag","embeddable":true,"href":"https:\/\/dri.unse.edu.ar\/index.php?rest_route=%2Fwp%2Fv2%2Ftags&post=1707"}],"curies":[{"name":"wp","href":"https:\/\/api.w.org\/{rel}","templated":true}]}}