{"id":1703,"date":"2023-05-12T13:55:43","date_gmt":"2023-05-12T16:55:43","guid":{"rendered":"https:\/\/unsedri.com\/?p=1703"},"modified":"2025-02-04T13:30:58","modified_gmt":"2025-02-04T16:30:58","slug":"ayudas-para-la-realizacion-de-master-universitario-de-la-universitat-politecnica-de-valencia-2023","status":"publish","type":"post","link":"https:\/\/dri.unse.edu.ar\/?p=1703","title":{"rendered":"Ayudas para la realizaci\u00f3n de M\u00e1ster Universitario de la Universitat Polit\u00e8cnica de Val\u00e8ncia 2023"},"content":{"rendered":"<h2><\/h2>\n<h4>Ayudas para la realizaci\u00f3n de M\u00e1ster Universitario de la Universitat Polit\u00e8cnica de Val\u00e8ncia 2023<\/h4>\n<p>El objeto de esta convocatoria es la concesi\u00f3n, en r\u00e9gimen de concurrencia competitiva y aplicando los principios de publicidad, objetividad, transparencia, igualdad y no discriminaci\u00f3n, de ayudas dirigidas a estudiantes y egresados\/as de universidades extranjeras del \u00e1mbito iberoamericano, para la realizaci\u00f3n de Masters Universitarios en la UPV y responde al objetivo de favorecer la atracci\u00f3n de talento y fortalecer la colaboraci\u00f3n de la UPV con instituciones de Educaci\u00f3n Superior Iberoamericanas, contribuyendo al desarrollo de la calidad de los estudios de posgrado en Iberoam\u00e9rica y potenciando la internacionalizaci\u00f3n de la propia <b>Universitat Polit\u00e8cnica de Val\u00e8ncia<\/b>.<\/p>\n<p><b>Plazo de solicitud:<\/b> hasta el <b>31 de mayo de 2023<\/b> a las 23:59 horas (GMT\/UTC+02:00) Madrid.<\/p>\n<p><b>N\u00ba de Plazas convocadas:<\/b> hasta un m\u00e1ximo de 40 becas.<\/p>\n<p><b>Cuant\u00eda de las Becas: <\/b>La dotaci\u00f3n de la ayuda por parte de la UPV consistir\u00e1 en lo siguiente:<\/p>\n<ul>\n<li>El importe de los cr\u00e9ditos ECTS de las asignaturas del M\u00e1ster correspondiente a primera matr\u00edcula, con un m\u00e1ximo de 60 ECTS, incluidas las tasas administrativas de apertura de expediente, pero no la tasa de expedici\u00f3n del t\u00edtulo y otras tasas o seguros.<\/li>\n<li>Una ayuda adicional de bolsa de estudios de 1.500 \u20ac, que se abonar\u00e1 al estudiante en cuenta bancaria abierta en Espa\u00f1a, una vez se tenga constancia de que se ha incorporado al M\u00e1ster.<\/li>\n<\/ul>\n<p><b>Dirigido a:<\/b> estudiantes y egresados\/as de universidades extranjeras del \u00e1mbito latinoamericano, para la realizaci\u00f3n de M\u00e1steres Universitarios en la UPV y responde al objetivo de favorecer la atracci\u00f3n de talento y fortalecer la colaboraci\u00f3n de la UPV con instituciones de Educaci\u00f3n Superior Iberoamericanas, contribuyendo al desarrollo de la calidad de los estudios de posgrado en Iberoam\u00e9rica y potenciando la internacionalizaci\u00f3n de la propia Universitat Polit\u00e8cnica de Val\u00e8ncia.<\/p>\n<p>M\u00e1s informaci\u00f3n:\u00a0<a href=\"http:\/\/auip.org\/es\/becas-auip\/2626\">http:\/\/auip.org\/es\/becas-auip\/2626<\/a><\/p>\n<ul>\n<li><a href=\"https:\/\/auip.org\/images\/stories\/DATOS\/PDF\/2023\/Becas_AUIP\/bases_upv2023.pdf\"><br \/>\nBases del programa<br \/>\n<\/a><\/li>\n<\/ul>\n","protected":false},"excerpt":{"rendered":"<p>El objeto de esta convocatoria es la concesi\u00f3n, en r\u00e9gimen de concurrencia competitiva y aplicando los principios de publicidad, objetividad, transparencia, igualdad y no discriminaci\u00f3n, de ayudas dirigidas a estudiantes y egresados\/as de universidades extranjeras del \u00e1mbito iberoamericano, para la realizaci\u00f3n de Masteres Universitarios en la UPV y responde al objetivo de favorecer la atracci\u00f3n de talento y fortalecer la colaboraci\u00f3n de la UPV con instituciones de Educaci\u00f3n Superior Iberoamericanas, contribuyendo al desarrollo de la calidad de los estudios de posgrado en Iberoam\u00e9rica y potenciando la internacionalizaci\u00f3n de la propia Universitat Polit\u00e8cnica de Val\u00e8ncia.<\/p>\n","protected":false},"author":1,"featured_media":1704,"comment_status":"open","ping_status":"open","sticky":false,"template":"","format":"standard","meta":{"_et_pb_use_builder":"","_et_pb_old_content":"","_et_gb_content_width":"","footnotes":""},"categories":[1],"tags":[],"class_list":["post-1703","post","type-post","status-publish","format-standard","has-post-thumbnail","hentry","category-sin-categoria"],"yoast_head":"<!-- This site is optimized with the Yoast SEO plugin v23.7 - https:\/\/yoast.com\/wordpress\/plugins\/seo\/ -->\n<title>Ayudas para la realizaci\u00f3n de M\u00e1ster Universitario de la Universitat Polit\u00e8cnica de Val\u00e8ncia 2023 - Relaciones Internacionales UNSE<\/title>\n<meta name=\"robots\" content=\"index, follow, max-snippet:-1, max-image-preview:large, max-video-preview:-1\" \/>\n<link rel=\"canonical\" href=\"https:\/\/dri.unse.edu.ar\/?p=1703\" \/>\n<meta property=\"og:locale\" content=\"es_ES\" \/>\n<meta property=\"og:type\" content=\"article\" \/>\n<meta property=\"og:title\" content=\"Ayudas para la realizaci\u00f3n de M\u00e1ster Universitario de la Universitat Polit\u00e8cnica de Val\u00e8ncia 2023 - Relaciones Internacionales UNSE\" \/>\n<meta property=\"og:description\" content=\"El objeto de esta convocatoria es la concesi\u00f3n, en r\u00e9gimen de concurrencia competitiva y aplicando los principios de publicidad, objetividad, transparencia, igualdad y no discriminaci\u00f3n, de ayudas dirigidas a estudiantes y egresados\/as de universidades extranjeras del \u00e1mbito iberoamericano, para la realizaci\u00f3n de Masteres Universitarios en la UPV y responde al objetivo de favorecer la atracci\u00f3n de talento y fortalecer la colaboraci\u00f3n de la UPV con instituciones de Educaci\u00f3n Superior Iberoamericanas, contribuyendo al desarrollo de la calidad de los estudios de posgrado en Iberoam\u00e9rica y potenciando la internacionalizaci\u00f3n de la propia Universitat Polit\u00e8cnica de Val\u00e8ncia.\" \/>\n<meta property=\"og:url\" content=\"https:\/\/dri.unse.edu.ar\/?p=1703\" \/>\n<meta property=\"og:site_name\" content=\"Relaciones Internacionales UNSE\" \/>\n<meta property=\"article:published_time\" content=\"2023-05-12T16:55:43+00:00\" \/>\n<meta property=\"article:modified_time\" content=\"2025-02-04T16:30:58+00:00\" \/>\n<meta property=\"og:image\" content=\"https:\/\/dri.unse.edu.ar\/wp-content\/uploads\/2023\/05\/auip-valencia-copia.jpg\" \/>\n\t<meta property=\"og:image:width\" content=\"900\" \/>\n\t<meta property=\"og:image:height\" content=\"600\" \/>\n\t<meta property=\"og:image:type\" content=\"image\/jpeg\" \/>\n<meta name=\"author\" content=\"admin\" \/>\n<meta name=\"twitter:card\" content=\"summary_large_image\" \/>\n<meta name=\"twitter:label1\" content=\"Escrito por\" \/>\n\t<meta name=\"twitter:data1\" content=\"admin\" \/>\n\t<meta name=\"twitter:label2\" content=\"Tiempo de lectura\" \/>\n\t<meta name=\"twitter:data2\" content=\"4 minutos\" \/>\n<script type=\"application\/ld+json\" class=\"yoast-schema-graph\">{\"@context\":\"https:\/\/schema.org\",\"@graph\":[{\"@type\":\"Article\",\"@id\":\"https:\/\/dri.unse.edu.ar\/?p=1703#article\",\"isPartOf\":{\"@id\":\"https:\/\/dri.unse.edu.ar\/?p=1703\"},\"author\":{\"name\":\"admin\",\"@id\":\"https:\/\/dri.unse.edu.ar\/#\/schema\/person\/e88461562537ca530352f979aaf6b274\"},\"headline\":\"Ayudas para la realizaci\u00f3n de M\u00e1ster Universitario de la Universitat Polit\u00e8cnica de Val\u00e8ncia 2023\",\"datePublished\":\"2023-05-12T16:55:43+00:00\",\"dateModified\":\"2025-02-04T16:30:58+00:00\",\"mainEntityOfPage\":{\"@id\":\"https:\/\/dri.unse.edu.ar\/?p=1703\"},\"wordCount\":353,\"commentCount\":0,\"publisher\":{\"@id\":\"https:\/\/dri.unse.edu.ar\/#organization\"},\"image\":{\"@id\":\"https:\/\/dri.unse.edu.ar\/?p=1703#primaryimage\"},\"thumbnailUrl\":\"https:\/\/dri.unse.edu.ar\/wp-content\/uploads\/2023\/05\/auip-valencia-copia.jpg\",\"inLanguage\":\"es-AR\",\"potentialAction\":[{\"@type\":\"CommentAction\",\"name\":\"Comment\",\"target\":[\"https:\/\/dri.unse.edu.ar\/?p=1703#respond\"]}]},{\"@type\":\"WebPage\",\"@id\":\"https:\/\/dri.unse.edu.ar\/?p=1703\",\"url\":\"https:\/\/dri.unse.edu.ar\/?p=1703\",\"name\":\"Ayudas para la realizaci\u00f3n de M\u00e1ster Universitario de la Universitat Polit\u00e8cnica de Val\u00e8ncia 2023 - Relaciones Internacionales UNSE\",\"isPartOf\":{\"@id\":\"https:\/\/dri.unse.edu.ar\/#website\"},\"primaryImageOfPage\":{\"@id\":\"https:\/\/dri.unse.edu.ar\/?p=1703#primaryimage\"},\"image\":{\"@id\":\"https:\/\/dri.unse.edu.ar\/?p=1703#primaryimage\"},\"thumbnailUrl\":\"https:\/\/dri.unse.edu.ar\/wp-content\/uploads\/2023\/05\/auip-valencia-copia.jpg\",\"datePublished\":\"2023-05-12T16:55:43+00:00\",\"dateModified\":\"2025-02-04T16:30:58+00:00\",\"breadcrumb\":{\"@id\":\"https:\/\/dri.unse.edu.ar\/?p=1703#breadcrumb\"},\"inLanguage\":\"es-AR\",\"potentialAction\":[{\"@type\":\"ReadAction\",\"target\":[\"https:\/\/dri.unse.edu.ar\/?p=1703\"]}]},{\"@type\":\"ImageObject\",\"inLanguage\":\"es-AR\",\"@id\":\"https:\/\/dri.unse.edu.ar\/?p=1703#primaryimage\",\"url\":\"https:\/\/dri.unse.edu.ar\/wp-content\/uploads\/2023\/05\/auip-valencia-copia.jpg\",\"contentUrl\":\"https:\/\/dri.unse.edu.ar\/wp-content\/uploads\/2023\/05\/auip-valencia-copia.jpg\",\"width\":900,\"height\":600},{\"@type\":\"BreadcrumbList\",\"@id\":\"https:\/\/dri.unse.edu.ar\/?p=1703#breadcrumb\",\"itemListElement\":[{\"@type\":\"ListItem\",\"position\":1,\"name\":\"Inicio\",\"item\":\"https:\/\/dri.unse.edu.ar\/\"},{\"@type\":\"ListItem\",\"position\":2,\"name\":\"Ayudas para la realizaci\u00f3n de M\u00e1ster Universitario de la Universitat Polit\u00e8cnica de Val\u00e8ncia 2023\"}]},{\"@type\":\"WebSite\",\"@id\":\"https:\/\/dri.unse.edu.ar\/#website\",\"url\":\"https:\/\/dri.unse.edu.ar\/\",\"name\":\"Relaciones Internacionales UNSE\",\"description\":\"\",\"publisher\":{\"@id\":\"https:\/\/dri.unse.edu.ar\/#organization\"},\"potentialAction\":[{\"@type\":\"SearchAction\",\"target\":{\"@type\":\"EntryPoint\",\"urlTemplate\":\"https:\/\/dri.unse.edu.ar\/?s={search_term_string}\"},\"query-input\":{\"@type\":\"PropertyValueSpecification\",\"valueRequired\":true,\"valueName\":\"search_term_string\"}}],\"inLanguage\":\"es-AR\"},{\"@type\":\"Organization\",\"@id\":\"https:\/\/dri.unse.edu.ar\/#organization\",\"name\":\"Universidad Nacional de Santiago del Estero\",\"url\":\"https:\/\/dri.unse.edu.ar\/\",\"logo\":{\"@type\":\"ImageObject\",\"inLanguage\":\"es-AR\",\"@id\":\"https:\/\/dri.unse.edu.ar\/#\/schema\/logo\/image\/\",\"url\":\"https:\/\/dri.unse.edu.ar\/wp-content\/uploads\/2019\/03\/logo-3.png\",\"contentUrl\":\"https:\/\/dri.unse.edu.ar\/wp-content\/uploads\/2019\/03\/logo-3.png\",\"width\":816,\"height\":882,\"caption\":\"Universidad Nacional de Santiago del Estero\"},\"image\":{\"@id\":\"https:\/\/dri.unse.edu.ar\/#\/schema\/logo\/image\/\"}},{\"@type\":\"Person\",\"@id\":\"https:\/\/dri.unse.edu.ar\/#\/schema\/person\/e88461562537ca530352f979aaf6b274\",\"name\":\"admin\",\"image\":{\"@type\":\"ImageObject\",\"inLanguage\":\"es-AR\",\"@id\":\"https:\/\/dri.unse.edu.ar\/#\/schema\/person\/image\/\",\"url\":\"https:\/\/secure.gravatar.com\/avatar\/53147b1af535a81fd92a2bd6d97fb9b9?s=96&d=mm&r=g\",\"contentUrl\":\"https:\/\/secure.gravatar.com\/avatar\/53147b1af535a81fd92a2bd6d97fb9b9?s=96&d=mm&r=g\",\"caption\":\"admin\"}}]}<\/script>\n<!-- \/ Yoast SEO plugin. -->","yoast_head_json":{"title":"Ayudas para la realizaci\u00f3n de M\u00e1ster Universitario de la Universitat Polit\u00e8cnica de Val\u00e8ncia 2023 - Relaciones Internacionales UNSE","robots":{"index":"index","follow":"follow","max-snippet":"max-snippet:-1","max-image-preview":"max-image-preview:large","max-video-preview":"max-video-preview:-1"},"canonical":"https:\/\/dri.unse.edu.ar\/?p=1703","og_locale":"es_ES","og_type":"article","og_title":"Ayudas para la realizaci\u00f3n de M\u00e1ster Universitario de la Universitat Polit\u00e8cnica de Val\u00e8ncia 2023 - Relaciones Internacionales UNSE","og_description":"El objeto de esta convocatoria es la concesi\u00f3n, en r\u00e9gimen de concurrencia competitiva y aplicando los principios de publicidad, objetividad, transparencia, igualdad y no discriminaci\u00f3n, de ayudas dirigidas a estudiantes y egresados\/as de universidades extranjeras del \u00e1mbito iberoamericano, para la realizaci\u00f3n de Masteres Universitarios en la UPV y responde al objetivo de favorecer la atracci\u00f3n de talento y fortalecer la colaboraci\u00f3n de la UPV con instituciones de Educaci\u00f3n Superior Iberoamericanas, contribuyendo al desarrollo de la calidad de los estudios de posgrado en Iberoam\u00e9rica y potenciando la internacionalizaci\u00f3n de la propia Universitat Polit\u00e8cnica de Val\u00e8ncia.","og_url":"https:\/\/dri.unse.edu.ar\/?p=1703","og_site_name":"Relaciones Internacionales UNSE","article_published_time":"2023-05-12T16:55:43+00:00","article_modified_time":"2025-02-04T16:30:58+00:00","og_image":[{"width":900,"height":600,"url":"https:\/\/dri.unse.edu.ar\/wp-content\/uploads\/2023\/05\/auip-valencia-copia.jpg","type":"image\/jpeg"}],"author":"admin","twitter_card":"summary_large_image","twitter_misc":{"Escrito por":"admin","Tiempo de lectura":"4 minutos"},"schema":{"@context":"https:\/\/schema.org","@graph":[{"@type":"Article","@id":"https:\/\/dri.unse.edu.ar\/?p=1703#article","isPartOf":{"@id":"https:\/\/dri.unse.edu.ar\/?p=1703"},"author":{"name":"admin","@id":"https:\/\/dri.unse.edu.ar\/#\/schema\/person\/e88461562537ca530352f979aaf6b274"},"headline":"Ayudas para la realizaci\u00f3n de M\u00e1ster Universitario de la Universitat Polit\u00e8cnica de Val\u00e8ncia 2023","datePublished":"2023-05-12T16:55:43+00:00","dateModified":"2025-02-04T16:30:58+00:00","mainEntityOfPage":{"@id":"https:\/\/dri.unse.edu.ar\/?p=1703"},"wordCount":353,"commentCount":0,"publisher":{"@id":"https:\/\/dri.unse.edu.ar\/#organization"},"image":{"@id":"https:\/\/dri.unse.edu.ar\/?p=1703#primaryimage"},"thumbnailUrl":"https:\/\/dri.unse.edu.ar\/wp-content\/uploads\/2023\/05\/auip-valencia-copia.jpg","inLanguage":"es-AR","potentialAction":[{"@type":"CommentAction","name":"Comment","target":["https:\/\/dri.unse.edu.ar\/?p=1703#respond"]}]},{"@type":"WebPage","@id":"https:\/\/dri.unse.edu.ar\/?p=1703","url":"https:\/\/dri.unse.edu.ar\/?p=1703","name":"Ayudas para la realizaci\u00f3n de M\u00e1ster Universitario de la Universitat Polit\u00e8cnica de Val\u00e8ncia 2023 - Relaciones Internacionales UNSE","isPartOf":{"@id":"https:\/\/dri.unse.edu.ar\/#website"},"primaryImageOfPage":{"@id":"https:\/\/dri.unse.edu.ar\/?p=1703#primaryimage"},"image":{"@id":"https:\/\/dri.unse.edu.ar\/?p=1703#primaryimage"},"thumbnailUrl":"https:\/\/dri.unse.edu.ar\/wp-content\/uploads\/2023\/05\/auip-valencia-copia.jpg","datePublished":"2023-05-12T16:55:43+00:00","dateModified":"2025-02-04T16:30:58+00:00","breadcrumb":{"@id":"https:\/\/dri.unse.edu.ar\/?p=1703#breadcrumb"},"inLanguage":"es-AR","potentialAction":[{"@type":"ReadAction","target":["https:\/\/dri.unse.edu.ar\/?p=1703"]}]},{"@type":"ImageObject","inLanguage":"es-AR","@id":"https:\/\/dri.unse.edu.ar\/?p=1703#primaryimage","url":"https:\/\/dri.unse.edu.ar\/wp-content\/uploads\/2023\/05\/auip-valencia-copia.jpg","contentUrl":"https:\/\/dri.unse.edu.ar\/wp-content\/uploads\/2023\/05\/auip-valencia-copia.jpg","width":900,"height":600},{"@type":"BreadcrumbList","@id":"https:\/\/dri.unse.edu.ar\/?p=1703#breadcrumb","itemListElement":[{"@type":"ListItem","position":1,"name":"Inicio","item":"https:\/\/dri.unse.edu.ar\/"},{"@type":"ListItem","position":2,"name":"Ayudas para la realizaci\u00f3n de M\u00e1ster Universitario de la Universitat Polit\u00e8cnica de Val\u00e8ncia 2023"}]},{"@type":"WebSite","@id":"https:\/\/dri.unse.edu.ar\/#website","url":"https:\/\/dri.unse.edu.ar\/","name":"Relaciones Internacionales UNSE","description":"","publisher":{"@id":"https:\/\/dri.unse.edu.ar\/#organization"},"potentialAction":[{"@type":"SearchAction","target":{"@type":"EntryPoint","urlTemplate":"https:\/\/dri.unse.edu.ar\/?s={search_term_string}"},"query-input":{"@type":"PropertyValueSpecification","valueRequired":true,"valueName":"search_term_string"}}],"inLanguage":"es-AR"},{"@type":"Organization","@id":"https:\/\/dri.unse.edu.ar\/#organization","name":"Universidad Nacional de Santiago del Estero","url":"https:\/\/dri.unse.edu.ar\/","logo":{"@type":"ImageObject","inLanguage":"es-AR","@id":"https:\/\/dri.unse.edu.ar\/#\/schema\/logo\/image\/","url":"https:\/\/dri.unse.edu.ar\/wp-content\/uploads\/2019\/03\/logo-3.png","contentUrl":"https:\/\/dri.unse.edu.ar\/wp-content\/uploads\/2019\/03\/logo-3.png","width":816,"height":882,"caption":"Universidad Nacional de Santiago del Estero"},"image":{"@id":"https:\/\/dri.unse.edu.ar\/#\/schema\/logo\/image\/"}},{"@type":"Person","@id":"https:\/\/dri.unse.edu.ar\/#\/schema\/person\/e88461562537ca530352f979aaf6b274","name":"admin","image":{"@type":"ImageObject","inLanguage":"es-AR","@id":"https:\/\/dri.unse.edu.ar\/#\/schema\/person\/image\/","url":"https:\/\/secure.gravatar.com\/avatar\/53147b1af535a81fd92a2bd6d97fb9b9?s=96&d=mm&r=g","contentUrl":"https:\/\/secure.gravatar.com\/avatar\/53147b1af535a81fd92a2bd6d97fb9b9?s=96&d=mm&r=g","caption":"admin"}}]}},"_links":{"self":[{"href":"https:\/\/dri.unse.edu.ar\/index.php?rest_route=\/wp\/v2\/posts\/1703"}],"collection":[{"href":"https:\/\/dri.unse.edu.ar\/index.php?rest_route=\/wp\/v2\/posts"}],"about":[{"href":"https:\/\/dri.unse.edu.ar\/index.php?rest_route=\/wp\/v2\/types\/post"}],"author":[{"embeddable":true,"href":"https:\/\/dri.unse.edu.ar\/index.php?rest_route=\/wp\/v2\/users\/1"}],"replies":[{"embeddable":true,"href":"https:\/\/dri.unse.edu.ar\/index.php?rest_route=%2Fwp%2Fv2%2Fcomments&post=1703"}],"version-history":[{"count":3,"href":"https:\/\/dri.unse.edu.ar\/index.php?rest_route=\/wp\/v2\/posts\/1703\/revisions"}],"predecessor-version":[{"id":2006,"href":"https:\/\/dri.unse.edu.ar\/index.php?rest_route=\/wp\/v2\/posts\/1703\/revisions\/2006"}],"wp:featuredmedia":[{"embeddable":true,"href":"https:\/\/dri.unse.edu.ar\/index.php?rest_route=\/wp\/v2\/media\/1704"}],"wp:attachment":[{"href":"https:\/\/dri.unse.edu.ar\/index.php?rest_route=%2Fwp%2Fv2%2Fmedia&parent=1703"}],"wp:term":[{"taxonomy":"category","embeddable":true,"href":"https:\/\/dri.unse.edu.ar\/index.php?rest_route=%2Fwp%2Fv2%2Fcategories&post=1703"},{"taxonomy":"post_tag","embeddable":true,"href":"https:\/\/dri.unse.edu.ar\/index.php?rest_route=%2Fwp%2Fv2%2Ftags&post=1703"}],"curies":[{"name":"wp","href":"https:\/\/api.w.org\/{rel}","templated":true}]}}