{"id":1450,"date":"2022-11-20T08:05:00","date_gmt":"2022-11-20T11:05:00","guid":{"rendered":"https:\/\/unsedri.com\/?p=1450"},"modified":"2025-02-04T13:48:47","modified_gmt":"2025-02-04T16:48:47","slug":"invitacion-a-sesion-informativa-sobre-convocatoria-2023-de-erasmus","status":"publish","type":"post","link":"https:\/\/dri.unse.edu.ar\/?p=1450","title":{"rendered":"Invitaci\u00f3n a sesi\u00f3n informativa sobre convocatoria 2023 de ERASMUS"},"content":{"rendered":"<h2><\/h2>\n<h4>Invitaci\u00f3n a sesi\u00f3n informativa sobre convocatoria 2023 de ERASMUS<\/h4>\n<p>Transmitimos la invitaci\u00f3n recibida desde la DG-EAC de nuestra sede en Bruselas para invitarles a participar de la <a href=\"https:\/\/www.eacea.ec.europa.eu\/news-events\/events_en\">serie de sesiones informativas<\/a> organizadas por la Agencia Ejecutiva para la Educaci\u00f3n y la Cultura (EACEA) en ocasi\u00f3n de la\u00a0 inminente publicaci\u00f3n de la convocatoria 2023 de Erasmus+.<\/p>\n<p>En particular, les invitamos a registrarse y participar de la denominada <b>\u201cthe international dimension of the Erasmus+ Programme: focus on Latin America and Caribbean\u201d <\/b>que tendr\u00e1 lugar el pr\u00f3ximo <b>29\/11\/2022<\/b>. Pueden inscribirse aqu\u00ed:<\/p>\n<p><a href=\"https:\/\/www.eacea.ec.europa.eu\/news-events\/events\/online-info-session-international-dimension-erasmus-programme-focus-latin-america-and-caribbean-2022-11-29_en\">https:\/\/www.eacea.ec.europa.eu\/news-events\/events\/online-info-session-international-dimension-erasmus-programme-focus-latin-america-and-caribbean-2022-11-29_en<\/a><\/p>\n<p>El d\u00eda 29\/11 se seguir\u00e1 la siguiente agenda:<\/p>\n<p>15h00-15h10: Apertura (Bruno Castro, DG EAC y Anna Herrero DG INTPA)<br \/>\n15h10-15h30: Movilidad Internacional de Cr\u00e9ditos (Bruno Castro, DG.EAC)<br \/>\n15h30-15h50: Erasmus Mundus (Bruno Castro, DEG EAC)<br \/>\n15h50-16h10: Desarrollo de Capacidades para la Educaci\u00f3n Superior (Eva Valle\/Almudena, EACEA)<br \/>\n16h10-16h30: Desarrollo de Capacidades para la Formaci\u00f3n Profesional (Alexander Stelz, EACEA)<br \/>\n16h30-16h50: Jean Monnet (Natalia Riesgo, EACEA)<br \/>\n16h50-17h00: Turno de preguntas<\/p>\n","protected":false},"excerpt":{"rendered":"<p>Transmitimos la invitaci\u00f3n recibida desde la DG-EAC de nuestra sede en Bruselas para invitarles a participar de la serie de sesiones informativas organizadas por la Agencia Ejecutiva para la Educaci\u00f3n y la Cultura (EACEA) en ocasi\u00f3n de la  inminente publicaci\u00f3n de la convocatoria 2023 de Erasmus+. <\/p>\n","protected":false},"author":1,"featured_media":1451,"comment_status":"open","ping_status":"open","sticky":false,"template":"","format":"standard","meta":{"_et_pb_use_builder":"","_et_pb_old_content":"","_et_gb_content_width":"","footnotes":""},"categories":[1],"tags":[],"class_list":["post-1450","post","type-post","status-publish","format-standard","has-post-thumbnail","hentry","category-sin-categoria"],"yoast_head":"<!-- This site is optimized with the Yoast SEO plugin v23.7 - https:\/\/yoast.com\/wordpress\/plugins\/seo\/ -->\n<title>Invitaci\u00f3n a sesi\u00f3n informativa sobre convocatoria 2023 de ERASMUS - Relaciones Internacionales UNSE<\/title>\n<meta name=\"robots\" content=\"index, follow, max-snippet:-1, max-image-preview:large, max-video-preview:-1\" \/>\n<link rel=\"canonical\" href=\"https:\/\/dri.unse.edu.ar\/?p=1450\" \/>\n<meta property=\"og:locale\" content=\"es_ES\" \/>\n<meta property=\"og:type\" content=\"article\" \/>\n<meta property=\"og:title\" content=\"Invitaci\u00f3n a sesi\u00f3n informativa sobre convocatoria 2023 de ERASMUS - Relaciones Internacionales UNSE\" \/>\n<meta property=\"og:description\" content=\"Transmitimos la invitaci\u00f3n recibida desde la DG-EAC de nuestra sede en Bruselas para invitarles a participar de la serie de sesiones informativas organizadas por la Agencia Ejecutiva para la Educaci\u00f3n y la Cultura (EACEA) en ocasi\u00f3n de la inminente publicaci\u00f3n de la convocatoria 2023 de Erasmus+.\" \/>\n<meta property=\"og:url\" content=\"https:\/\/dri.unse.edu.ar\/?p=1450\" \/>\n<meta property=\"og:site_name\" content=\"Relaciones Internacionales UNSE\" \/>\n<meta property=\"article:published_time\" content=\"2022-11-20T11:05:00+00:00\" \/>\n<meta property=\"article:modified_time\" content=\"2025-02-04T16:48:47+00:00\" \/>\n<meta property=\"og:image\" content=\"https:\/\/dri.unse.edu.ar\/wp-content\/uploads\/2022\/11\/nuevas-conv-erasmus-copia.jpg\" \/>\n\t<meta property=\"og:image:width\" content=\"900\" \/>\n\t<meta property=\"og:image:height\" content=\"600\" \/>\n\t<meta property=\"og:image:type\" content=\"image\/jpeg\" \/>\n<meta name=\"author\" content=\"admin\" \/>\n<meta name=\"twitter:card\" content=\"summary_large_image\" \/>\n<meta name=\"twitter:label1\" content=\"Escrito por\" \/>\n\t<meta name=\"twitter:data1\" content=\"admin\" \/>\n\t<meta name=\"twitter:label2\" content=\"Tiempo de lectura\" \/>\n\t<meta name=\"twitter:data2\" content=\"4 minutos\" \/>\n<script type=\"application\/ld+json\" class=\"yoast-schema-graph\">{\"@context\":\"https:\/\/schema.org\",\"@graph\":[{\"@type\":\"Article\",\"@id\":\"https:\/\/dri.unse.edu.ar\/?p=1450#article\",\"isPartOf\":{\"@id\":\"https:\/\/dri.unse.edu.ar\/?p=1450\"},\"author\":{\"name\":\"admin\",\"@id\":\"https:\/\/dri.unse.edu.ar\/#\/schema\/person\/e88461562537ca530352f979aaf6b274\"},\"headline\":\"Invitaci\u00f3n a sesi\u00f3n informativa sobre convocatoria 2023 de ERASMUS\",\"datePublished\":\"2022-11-20T11:05:00+00:00\",\"dateModified\":\"2025-02-04T16:48:47+00:00\",\"mainEntityOfPage\":{\"@id\":\"https:\/\/dri.unse.edu.ar\/?p=1450\"},\"wordCount\":199,\"commentCount\":0,\"publisher\":{\"@id\":\"https:\/\/dri.unse.edu.ar\/#organization\"},\"image\":{\"@id\":\"https:\/\/dri.unse.edu.ar\/?p=1450#primaryimage\"},\"thumbnailUrl\":\"https:\/\/dri.unse.edu.ar\/wp-content\/uploads\/2022\/11\/nuevas-conv-erasmus-copia.jpg\",\"inLanguage\":\"es-AR\",\"potentialAction\":[{\"@type\":\"CommentAction\",\"name\":\"Comment\",\"target\":[\"https:\/\/dri.unse.edu.ar\/?p=1450#respond\"]}]},{\"@type\":\"WebPage\",\"@id\":\"https:\/\/dri.unse.edu.ar\/?p=1450\",\"url\":\"https:\/\/dri.unse.edu.ar\/?p=1450\",\"name\":\"Invitaci\u00f3n a sesi\u00f3n informativa sobre convocatoria 2023 de ERASMUS - Relaciones Internacionales UNSE\",\"isPartOf\":{\"@id\":\"https:\/\/dri.unse.edu.ar\/#website\"},\"primaryImageOfPage\":{\"@id\":\"https:\/\/dri.unse.edu.ar\/?p=1450#primaryimage\"},\"image\":{\"@id\":\"https:\/\/dri.unse.edu.ar\/?p=1450#primaryimage\"},\"thumbnailUrl\":\"https:\/\/dri.unse.edu.ar\/wp-content\/uploads\/2022\/11\/nuevas-conv-erasmus-copia.jpg\",\"datePublished\":\"2022-11-20T11:05:00+00:00\",\"dateModified\":\"2025-02-04T16:48:47+00:00\",\"breadcrumb\":{\"@id\":\"https:\/\/dri.unse.edu.ar\/?p=1450#breadcrumb\"},\"inLanguage\":\"es-AR\",\"potentialAction\":[{\"@type\":\"ReadAction\",\"target\":[\"https:\/\/dri.unse.edu.ar\/?p=1450\"]}]},{\"@type\":\"ImageObject\",\"inLanguage\":\"es-AR\",\"@id\":\"https:\/\/dri.unse.edu.ar\/?p=1450#primaryimage\",\"url\":\"https:\/\/dri.unse.edu.ar\/wp-content\/uploads\/2022\/11\/nuevas-conv-erasmus-copia.jpg\",\"contentUrl\":\"https:\/\/dri.unse.edu.ar\/wp-content\/uploads\/2022\/11\/nuevas-conv-erasmus-copia.jpg\",\"width\":900,\"height\":600},{\"@type\":\"BreadcrumbList\",\"@id\":\"https:\/\/dri.unse.edu.ar\/?p=1450#breadcrumb\",\"itemListElement\":[{\"@type\":\"ListItem\",\"position\":1,\"name\":\"Inicio\",\"item\":\"https:\/\/dri.unse.edu.ar\/\"},{\"@type\":\"ListItem\",\"position\":2,\"name\":\"Invitaci\u00f3n a sesi\u00f3n informativa sobre convocatoria 2023 de ERASMUS\"}]},{\"@type\":\"WebSite\",\"@id\":\"https:\/\/dri.unse.edu.ar\/#website\",\"url\":\"https:\/\/dri.unse.edu.ar\/\",\"name\":\"Relaciones Internacionales UNSE\",\"description\":\"\",\"publisher\":{\"@id\":\"https:\/\/dri.unse.edu.ar\/#organization\"},\"potentialAction\":[{\"@type\":\"SearchAction\",\"target\":{\"@type\":\"EntryPoint\",\"urlTemplate\":\"https:\/\/dri.unse.edu.ar\/?s={search_term_string}\"},\"query-input\":{\"@type\":\"PropertyValueSpecification\",\"valueRequired\":true,\"valueName\":\"search_term_string\"}}],\"inLanguage\":\"es-AR\"},{\"@type\":\"Organization\",\"@id\":\"https:\/\/dri.unse.edu.ar\/#organization\",\"name\":\"Universidad Nacional de Santiago del Estero\",\"url\":\"https:\/\/dri.unse.edu.ar\/\",\"logo\":{\"@type\":\"ImageObject\",\"inLanguage\":\"es-AR\",\"@id\":\"https:\/\/dri.unse.edu.ar\/#\/schema\/logo\/image\/\",\"url\":\"https:\/\/dri.unse.edu.ar\/wp-content\/uploads\/2019\/03\/logo-3.png\",\"contentUrl\":\"https:\/\/dri.unse.edu.ar\/wp-content\/uploads\/2019\/03\/logo-3.png\",\"width\":816,\"height\":882,\"caption\":\"Universidad Nacional de Santiago del Estero\"},\"image\":{\"@id\":\"https:\/\/dri.unse.edu.ar\/#\/schema\/logo\/image\/\"}},{\"@type\":\"Person\",\"@id\":\"https:\/\/dri.unse.edu.ar\/#\/schema\/person\/e88461562537ca530352f979aaf6b274\",\"name\":\"admin\",\"image\":{\"@type\":\"ImageObject\",\"inLanguage\":\"es-AR\",\"@id\":\"https:\/\/dri.unse.edu.ar\/#\/schema\/person\/image\/\",\"url\":\"https:\/\/secure.gravatar.com\/avatar\/53147b1af535a81fd92a2bd6d97fb9b9?s=96&d=mm&r=g\",\"contentUrl\":\"https:\/\/secure.gravatar.com\/avatar\/53147b1af535a81fd92a2bd6d97fb9b9?s=96&d=mm&r=g\",\"caption\":\"admin\"}}]}<\/script>\n<!-- \/ Yoast SEO plugin. -->","yoast_head_json":{"title":"Invitaci\u00f3n a sesi\u00f3n informativa sobre convocatoria 2023 de ERASMUS - Relaciones Internacionales UNSE","robots":{"index":"index","follow":"follow","max-snippet":"max-snippet:-1","max-image-preview":"max-image-preview:large","max-video-preview":"max-video-preview:-1"},"canonical":"https:\/\/dri.unse.edu.ar\/?p=1450","og_locale":"es_ES","og_type":"article","og_title":"Invitaci\u00f3n a sesi\u00f3n informativa sobre convocatoria 2023 de ERASMUS - Relaciones Internacionales UNSE","og_description":"Transmitimos la invitaci\u00f3n recibida desde la DG-EAC de nuestra sede en Bruselas para invitarles a participar de la serie de sesiones informativas organizadas por la Agencia Ejecutiva para la Educaci\u00f3n y la Cultura (EACEA) en ocasi\u00f3n de la inminente publicaci\u00f3n de la convocatoria 2023 de Erasmus+.","og_url":"https:\/\/dri.unse.edu.ar\/?p=1450","og_site_name":"Relaciones Internacionales UNSE","article_published_time":"2022-11-20T11:05:00+00:00","article_modified_time":"2025-02-04T16:48:47+00:00","og_image":[{"width":900,"height":600,"url":"https:\/\/dri.unse.edu.ar\/wp-content\/uploads\/2022\/11\/nuevas-conv-erasmus-copia.jpg","type":"image\/jpeg"}],"author":"admin","twitter_card":"summary_large_image","twitter_misc":{"Escrito por":"admin","Tiempo de lectura":"4 minutos"},"schema":{"@context":"https:\/\/schema.org","@graph":[{"@type":"Article","@id":"https:\/\/dri.unse.edu.ar\/?p=1450#article","isPartOf":{"@id":"https:\/\/dri.unse.edu.ar\/?p=1450"},"author":{"name":"admin","@id":"https:\/\/dri.unse.edu.ar\/#\/schema\/person\/e88461562537ca530352f979aaf6b274"},"headline":"Invitaci\u00f3n a sesi\u00f3n informativa sobre convocatoria 2023 de ERASMUS","datePublished":"2022-11-20T11:05:00+00:00","dateModified":"2025-02-04T16:48:47+00:00","mainEntityOfPage":{"@id":"https:\/\/dri.unse.edu.ar\/?p=1450"},"wordCount":199,"commentCount":0,"publisher":{"@id":"https:\/\/dri.unse.edu.ar\/#organization"},"image":{"@id":"https:\/\/dri.unse.edu.ar\/?p=1450#primaryimage"},"thumbnailUrl":"https:\/\/dri.unse.edu.ar\/wp-content\/uploads\/2022\/11\/nuevas-conv-erasmus-copia.jpg","inLanguage":"es-AR","potentialAction":[{"@type":"CommentAction","name":"Comment","target":["https:\/\/dri.unse.edu.ar\/?p=1450#respond"]}]},{"@type":"WebPage","@id":"https:\/\/dri.unse.edu.ar\/?p=1450","url":"https:\/\/dri.unse.edu.ar\/?p=1450","name":"Invitaci\u00f3n a sesi\u00f3n informativa sobre convocatoria 2023 de ERASMUS - Relaciones Internacionales UNSE","isPartOf":{"@id":"https:\/\/dri.unse.edu.ar\/#website"},"primaryImageOfPage":{"@id":"https:\/\/dri.unse.edu.ar\/?p=1450#primaryimage"},"image":{"@id":"https:\/\/dri.unse.edu.ar\/?p=1450#primaryimage"},"thumbnailUrl":"https:\/\/dri.unse.edu.ar\/wp-content\/uploads\/2022\/11\/nuevas-conv-erasmus-copia.jpg","datePublished":"2022-11-20T11:05:00+00:00","dateModified":"2025-02-04T16:48:47+00:00","breadcrumb":{"@id":"https:\/\/dri.unse.edu.ar\/?p=1450#breadcrumb"},"inLanguage":"es-AR","potentialAction":[{"@type":"ReadAction","target":["https:\/\/dri.unse.edu.ar\/?p=1450"]}]},{"@type":"ImageObject","inLanguage":"es-AR","@id":"https:\/\/dri.unse.edu.ar\/?p=1450#primaryimage","url":"https:\/\/dri.unse.edu.ar\/wp-content\/uploads\/2022\/11\/nuevas-conv-erasmus-copia.jpg","contentUrl":"https:\/\/dri.unse.edu.ar\/wp-content\/uploads\/2022\/11\/nuevas-conv-erasmus-copia.jpg","width":900,"height":600},{"@type":"BreadcrumbList","@id":"https:\/\/dri.unse.edu.ar\/?p=1450#breadcrumb","itemListElement":[{"@type":"ListItem","position":1,"name":"Inicio","item":"https:\/\/dri.unse.edu.ar\/"},{"@type":"ListItem","position":2,"name":"Invitaci\u00f3n a sesi\u00f3n informativa sobre convocatoria 2023 de ERASMUS"}]},{"@type":"WebSite","@id":"https:\/\/dri.unse.edu.ar\/#website","url":"https:\/\/dri.unse.edu.ar\/","name":"Relaciones Internacionales UNSE","description":"","publisher":{"@id":"https:\/\/dri.unse.edu.ar\/#organization"},"potentialAction":[{"@type":"SearchAction","target":{"@type":"EntryPoint","urlTemplate":"https:\/\/dri.unse.edu.ar\/?s={search_term_string}"},"query-input":{"@type":"PropertyValueSpecification","valueRequired":true,"valueName":"search_term_string"}}],"inLanguage":"es-AR"},{"@type":"Organization","@id":"https:\/\/dri.unse.edu.ar\/#organization","name":"Universidad Nacional de Santiago del Estero","url":"https:\/\/dri.unse.edu.ar\/","logo":{"@type":"ImageObject","inLanguage":"es-AR","@id":"https:\/\/dri.unse.edu.ar\/#\/schema\/logo\/image\/","url":"https:\/\/dri.unse.edu.ar\/wp-content\/uploads\/2019\/03\/logo-3.png","contentUrl":"https:\/\/dri.unse.edu.ar\/wp-content\/uploads\/2019\/03\/logo-3.png","width":816,"height":882,"caption":"Universidad Nacional de Santiago del Estero"},"image":{"@id":"https:\/\/dri.unse.edu.ar\/#\/schema\/logo\/image\/"}},{"@type":"Person","@id":"https:\/\/dri.unse.edu.ar\/#\/schema\/person\/e88461562537ca530352f979aaf6b274","name":"admin","image":{"@type":"ImageObject","inLanguage":"es-AR","@id":"https:\/\/dri.unse.edu.ar\/#\/schema\/person\/image\/","url":"https:\/\/secure.gravatar.com\/avatar\/53147b1af535a81fd92a2bd6d97fb9b9?s=96&d=mm&r=g","contentUrl":"https:\/\/secure.gravatar.com\/avatar\/53147b1af535a81fd92a2bd6d97fb9b9?s=96&d=mm&r=g","caption":"admin"}}]}},"_links":{"self":[{"href":"https:\/\/dri.unse.edu.ar\/index.php?rest_route=\/wp\/v2\/posts\/1450"}],"collection":[{"href":"https:\/\/dri.unse.edu.ar\/index.php?rest_route=\/wp\/v2\/posts"}],"about":[{"href":"https:\/\/dri.unse.edu.ar\/index.php?rest_route=\/wp\/v2\/types\/post"}],"author":[{"embeddable":true,"href":"https:\/\/dri.unse.edu.ar\/index.php?rest_route=\/wp\/v2\/users\/1"}],"replies":[{"embeddable":true,"href":"https:\/\/dri.unse.edu.ar\/index.php?rest_route=%2Fwp%2Fv2%2Fcomments&post=1450"}],"version-history":[{"count":5,"href":"https:\/\/dri.unse.edu.ar\/index.php?rest_route=\/wp\/v2\/posts\/1450\/revisions"}],"predecessor-version":[{"id":2024,"href":"https:\/\/dri.unse.edu.ar\/index.php?rest_route=\/wp\/v2\/posts\/1450\/revisions\/2024"}],"wp:featuredmedia":[{"embeddable":true,"href":"https:\/\/dri.unse.edu.ar\/index.php?rest_route=\/wp\/v2\/media\/1451"}],"wp:attachment":[{"href":"https:\/\/dri.unse.edu.ar\/index.php?rest_route=%2Fwp%2Fv2%2Fmedia&parent=1450"}],"wp:term":[{"taxonomy":"category","embeddable":true,"href":"https:\/\/dri.unse.edu.ar\/index.php?rest_route=%2Fwp%2Fv2%2Fcategories&post=1450"},{"taxonomy":"post_tag","embeddable":true,"href":"https:\/\/dri.unse.edu.ar\/index.php?rest_route=%2Fwp%2Fv2%2Ftags&post=1450"}],"curies":[{"name":"wp","href":"https:\/\/api.w.org\/{rel}","templated":true}]}}