{"id":1366,"date":"2022-09-13T11:02:32","date_gmt":"2022-09-13T14:02:32","guid":{"rendered":"https:\/\/unsedri.com\/?p=1366"},"modified":"2025-02-04T14:00:25","modified_gmt":"2025-02-04T17:00:25","slug":"convocatoria-de-una-nueva-edicion-del-premio-de-economia-rey-de-espana","status":"publish","type":"post","link":"https:\/\/dri.unse.edu.ar\/?p=1366","title":{"rendered":"Convocatoria de una nueva edici\u00f3n del Premio de Econom\u00eda Rey de Espa\u00f1a"},"content":{"rendered":"<p>[et_pb_section fb_built=&#8221;1&#8243; _builder_version=&#8221;4.27.2&#8243; hover_enabled=&#8221;0&#8243; global_colors_info=&#8221;{}&#8221; background_color=&#8221;#FFFFFF&#8221; sticky_enabled=&#8221;0&#8243;][et_pb_row _builder_version=&#8221;4.16&#8243; background_size=&#8221;initial&#8221; background_position=&#8221;top_left&#8221; background_repeat=&#8221;repeat&#8221; global_colors_info=&#8221;{}&#8221; custom_padding=&#8221;|||0px||&#8221; custom_margin=&#8221;|auto||-1px||&#8221;][et_pb_column type=&#8221;4_4&#8243; _builder_version=&#8221;4.16&#8243; custom_padding=&#8221;|||&#8221; global_colors_info=&#8221;{}&#8221; custom_padding__hover=&#8221;|||&#8221;][et_pb_text _builder_version=&#8221;4.16&#8243; background_size=&#8221;initial&#8221; background_position=&#8221;top_left&#8221; background_repeat=&#8221;repeat&#8221; global_colors_info=&#8221;{}&#8221; custom_padding=&#8221;|0px||||&#8221; custom_margin=&#8221;|-218px||||&#8221;]<\/p>\n<h2><\/h2>\n<h4>Convocatoria de una nueva edici\u00f3n del Premio de Econom\u00eda Rey de Espa\u00f1a<\/h4>\n<p>El Gobernador del Banco de Espa\u00f1a, Pablo Hern\u00e1dez de Cos, inform\u00f3 sobre la convocatoria de una nueva edici\u00f3n del <b>Premio de Econom\u00eda Rey de Espa\u00f1a, con el objetivo que Argentina presente candidatos<\/b>.<\/p>\n<p>La distinci\u00f3n, de convocatoria bienal y dotada de un premio de <b>\u20ac72.000 (setenta y dos mil euros<\/b>), tiene por finalidad reconocer, a juicio del jurado presidido por el Gobernador que suscribe la comunicaci\u00f3n, la excelencia acad\u00e9mica y profesional en el campo de la econom\u00eda.<\/p>\n<p>De acuerdo con las bases del premio, los candidatos pueden ser propuestos por personas de prestigio y con reconocimiento en el campo de la econom\u00eda o por instituciones espa\u00f1olas o iberoamericanas de car\u00e1cter acad\u00e9mico o econ\u00f3mico.<\/p>\n<p>Seg\u00fan informa en la carta, se trata de un premio de reconocido prestigio y con una larga trayectoria, el cual lleva celebr\u00e1ndose desde 1986. Entre los galardonados se encuentran economistas de gran prestigio, tales como Manuel Arellano o Carmen Reinhart, los dos \u00faltimos premiados<\/p>\n<p>La propuesta deber\u00e1 ser remitida a la Fundaci\u00f3n Jos\u00e9 Celma Prieto en <a href=\"https:\/\/www.premiodeeconomia.org\">www.premiodeeconomia.org <\/a>o por correo a C\/Oquendo, 23, planta 3.\u00aa, puerta C &#8211; derecha, 28006 Madrid (Espa\u00f1a). <b>Deber\u00e1 recibirse antes del 31 de octubre del 2022.<\/b><\/p>\n<p><a role=\"button\" href=\"#top\">\u00a0<\/a>[\/et_pb_text][\/et_pb_column][\/et_pb_row][\/et_pb_section]<\/p>\n","protected":false},"excerpt":{"rendered":"<p>El Gobernador del Banco de Espa\u00f1a, Pablo Hern\u00e1dez de Cos, inform\u00f3 sobre la convocatoria de una nueva edici\u00f3n del Premio de Econom\u00eda Rey de Espa\u00f1a, con el objetivo que Argentina presente candidatos.<\/p>\n","protected":false},"author":1,"featured_media":2039,"comment_status":"closed","ping_status":"closed","sticky":false,"template":"","format":"standard","meta":{"_et_pb_use_builder":"on","_et_pb_old_content":"<h2><\/h2>\n<h4>Convocatoria de una nueva edici\u00f3n del Premio de Econom\u00eda Rey de Espa\u00f1a<\/h4>\nEl Gobernador del Banco de Espa\u00f1a, Pablo Hern\u00e1dez de Cos, inform\u00f3 sobre la convocatoria de una nueva edici\u00f3n del <b>Premio de Econom\u00eda Rey de Espa\u00f1a, con el objetivo que Argentina presente candidatos<\/b>.\n\nLa distinci\u00f3n, de convocatoria bienal y dotada de un premio de <b>\u20ac72.000 (setenta y dos mil euros<\/b>), tiene por finalidad reconocer, a juicio del jurado presidido por el Gobernador que suscribe la comunicaci\u00f3n, la excelencia acad\u00e9mica y profesional en el campo de la econom\u00eda.\n\nDe acuerdo con las bases del premio, los candidatos pueden ser propuestos por personas de prestigio y con reconocimiento en el campo de la econom\u00eda o por instituciones espa\u00f1olas o iberoamericanas de car\u00e1cter acad\u00e9mico o econ\u00f3mico.\n\nSeg\u00fan informa en la carta, se trata de un premio de reconocido prestigio y con una larga trayectoria, el cual lleva celebr\u00e1ndose desde 1986. Entre los galardonados se encuentran economistas de gran prestigio, tales como Manuel Arellano o Carmen Reinhart, los dos \u00faltimos premiados\n\nLa propuesta deber\u00e1 ser remitida a la Fundaci\u00f3n Jos\u00e9 Celma Prieto en <a href=\"https:\/\/www.premiodeeconomia.org\">www.premiodeeconomia.org <\/a>o por correo a C\/Oquendo, 23, planta 3.\u00aa, puerta C - derecha, 28006 Madrid (Espa\u00f1a). <b>Deber\u00e1 recibirse antes del 31 de octubre del 2022.<\/b>\n\n<a role=\"button\" href=\"#top\">\u00a0<\/a>","_et_gb_content_width":"","footnotes":""},"categories":[1],"tags":[],"class_list":["post-1366","post","type-post","status-publish","format-standard","has-post-thumbnail","hentry","category-sin-categoria"],"yoast_head":"<!-- This site is optimized with the Yoast SEO plugin v23.7 - https:\/\/yoast.com\/wordpress\/plugins\/seo\/ -->\n<title>Convocatoria de una nueva edici\u00f3n del Premio de Econom\u00eda Rey de Espa\u00f1a - Relaciones Internacionales UNSE<\/title>\n<meta name=\"robots\" content=\"index, follow, max-snippet:-1, max-image-preview:large, max-video-preview:-1\" \/>\n<link rel=\"canonical\" href=\"https:\/\/dri.unse.edu.ar\/?p=1366\" \/>\n<meta property=\"og:locale\" content=\"es_ES\" \/>\n<meta property=\"og:type\" content=\"article\" \/>\n<meta property=\"og:title\" content=\"Convocatoria de una nueva edici\u00f3n del Premio de Econom\u00eda Rey de Espa\u00f1a - Relaciones Internacionales UNSE\" \/>\n<meta property=\"og:description\" content=\"El Gobernador del Banco de Espa\u00f1a, Pablo Hern\u00e1dez de Cos, inform\u00f3 sobre la convocatoria de una nueva edici\u00f3n del Premio de Econom\u00eda Rey de Espa\u00f1a, con el objetivo que Argentina presente candidatos.\" \/>\n<meta property=\"og:url\" content=\"https:\/\/dri.unse.edu.ar\/?p=1366\" \/>\n<meta property=\"og:site_name\" content=\"Relaciones Internacionales UNSE\" \/>\n<meta property=\"article:published_time\" content=\"2022-09-13T14:02:32+00:00\" \/>\n<meta property=\"article:modified_time\" content=\"2025-02-04T17:00:25+00:00\" \/>\n<meta property=\"og:image\" content=\"https:\/\/dri.unse.edu.ar\/wp-content\/uploads\/2025\/02\/econ-espana-copia.jpg\" \/>\n\t<meta property=\"og:image:width\" content=\"900\" \/>\n\t<meta property=\"og:image:height\" content=\"600\" \/>\n\t<meta property=\"og:image:type\" content=\"image\/jpeg\" \/>\n<meta name=\"author\" content=\"admin\" \/>\n<meta name=\"twitter:card\" content=\"summary_large_image\" \/>\n<meta name=\"twitter:label1\" content=\"Escrito por\" \/>\n\t<meta name=\"twitter:data1\" content=\"admin\" \/>\n\t<meta name=\"twitter:label2\" content=\"Tiempo de lectura\" \/>\n\t<meta name=\"twitter:data2\" content=\"2 minutos\" \/>\n<script type=\"application\/ld+json\" class=\"yoast-schema-graph\">{\"@context\":\"https:\/\/schema.org\",\"@graph\":[{\"@type\":\"Article\",\"@id\":\"https:\/\/dri.unse.edu.ar\/?p=1366#article\",\"isPartOf\":{\"@id\":\"https:\/\/dri.unse.edu.ar\/?p=1366\"},\"author\":{\"name\":\"admin\",\"@id\":\"https:\/\/dri.unse.edu.ar\/#\/schema\/person\/e88461562537ca530352f979aaf6b274\"},\"headline\":\"Convocatoria de una nueva edici\u00f3n del Premio de Econom\u00eda Rey de Espa\u00f1a\",\"datePublished\":\"2022-09-13T14:02:32+00:00\",\"dateModified\":\"2025-02-04T17:00:25+00:00\",\"mainEntityOfPage\":{\"@id\":\"https:\/\/dri.unse.edu.ar\/?p=1366\"},\"wordCount\":331,\"publisher\":{\"@id\":\"https:\/\/dri.unse.edu.ar\/#organization\"},\"image\":{\"@id\":\"https:\/\/dri.unse.edu.ar\/?p=1366#primaryimage\"},\"thumbnailUrl\":\"https:\/\/dri.unse.edu.ar\/wp-content\/uploads\/2025\/02\/econ-espana-copia.jpg\",\"inLanguage\":\"es-AR\"},{\"@type\":\"WebPage\",\"@id\":\"https:\/\/dri.unse.edu.ar\/?p=1366\",\"url\":\"https:\/\/dri.unse.edu.ar\/?p=1366\",\"name\":\"Convocatoria de una nueva edici\u00f3n del Premio de Econom\u00eda Rey de Espa\u00f1a - Relaciones Internacionales UNSE\",\"isPartOf\":{\"@id\":\"https:\/\/dri.unse.edu.ar\/#website\"},\"primaryImageOfPage\":{\"@id\":\"https:\/\/dri.unse.edu.ar\/?p=1366#primaryimage\"},\"image\":{\"@id\":\"https:\/\/dri.unse.edu.ar\/?p=1366#primaryimage\"},\"thumbnailUrl\":\"https:\/\/dri.unse.edu.ar\/wp-content\/uploads\/2025\/02\/econ-espana-copia.jpg\",\"datePublished\":\"2022-09-13T14:02:32+00:00\",\"dateModified\":\"2025-02-04T17:00:25+00:00\",\"breadcrumb\":{\"@id\":\"https:\/\/dri.unse.edu.ar\/?p=1366#breadcrumb\"},\"inLanguage\":\"es-AR\",\"potentialAction\":[{\"@type\":\"ReadAction\",\"target\":[\"https:\/\/dri.unse.edu.ar\/?p=1366\"]}]},{\"@type\":\"ImageObject\",\"inLanguage\":\"es-AR\",\"@id\":\"https:\/\/dri.unse.edu.ar\/?p=1366#primaryimage\",\"url\":\"https:\/\/dri.unse.edu.ar\/wp-content\/uploads\/2025\/02\/econ-espana-copia.jpg\",\"contentUrl\":\"https:\/\/dri.unse.edu.ar\/wp-content\/uploads\/2025\/02\/econ-espana-copia.jpg\",\"width\":900,\"height\":600},{\"@type\":\"BreadcrumbList\",\"@id\":\"https:\/\/dri.unse.edu.ar\/?p=1366#breadcrumb\",\"itemListElement\":[{\"@type\":\"ListItem\",\"position\":1,\"name\":\"Inicio\",\"item\":\"https:\/\/dri.unse.edu.ar\/\"},{\"@type\":\"ListItem\",\"position\":2,\"name\":\"Convocatoria de una nueva edici\u00f3n del Premio de Econom\u00eda Rey de Espa\u00f1a\"}]},{\"@type\":\"WebSite\",\"@id\":\"https:\/\/dri.unse.edu.ar\/#website\",\"url\":\"https:\/\/dri.unse.edu.ar\/\",\"name\":\"Relaciones Internacionales UNSE\",\"description\":\"\",\"publisher\":{\"@id\":\"https:\/\/dri.unse.edu.ar\/#organization\"},\"potentialAction\":[{\"@type\":\"SearchAction\",\"target\":{\"@type\":\"EntryPoint\",\"urlTemplate\":\"https:\/\/dri.unse.edu.ar\/?s={search_term_string}\"},\"query-input\":{\"@type\":\"PropertyValueSpecification\",\"valueRequired\":true,\"valueName\":\"search_term_string\"}}],\"inLanguage\":\"es-AR\"},{\"@type\":\"Organization\",\"@id\":\"https:\/\/dri.unse.edu.ar\/#organization\",\"name\":\"Universidad Nacional de Santiago del Estero\",\"url\":\"https:\/\/dri.unse.edu.ar\/\",\"logo\":{\"@type\":\"ImageObject\",\"inLanguage\":\"es-AR\",\"@id\":\"https:\/\/dri.unse.edu.ar\/#\/schema\/logo\/image\/\",\"url\":\"https:\/\/dri.unse.edu.ar\/wp-content\/uploads\/2019\/03\/logo-3.png\",\"contentUrl\":\"https:\/\/dri.unse.edu.ar\/wp-content\/uploads\/2019\/03\/logo-3.png\",\"width\":816,\"height\":882,\"caption\":\"Universidad Nacional de Santiago del Estero\"},\"image\":{\"@id\":\"https:\/\/dri.unse.edu.ar\/#\/schema\/logo\/image\/\"}},{\"@type\":\"Person\",\"@id\":\"https:\/\/dri.unse.edu.ar\/#\/schema\/person\/e88461562537ca530352f979aaf6b274\",\"name\":\"admin\",\"image\":{\"@type\":\"ImageObject\",\"inLanguage\":\"es-AR\",\"@id\":\"https:\/\/dri.unse.edu.ar\/#\/schema\/person\/image\/\",\"url\":\"https:\/\/secure.gravatar.com\/avatar\/53147b1af535a81fd92a2bd6d97fb9b9?s=96&d=mm&r=g\",\"contentUrl\":\"https:\/\/secure.gravatar.com\/avatar\/53147b1af535a81fd92a2bd6d97fb9b9?s=96&d=mm&r=g\",\"caption\":\"admin\"}}]}<\/script>\n<!-- \/ Yoast SEO plugin. -->","yoast_head_json":{"title":"Convocatoria de una nueva edici\u00f3n del Premio de Econom\u00eda Rey de Espa\u00f1a - Relaciones Internacionales UNSE","robots":{"index":"index","follow":"follow","max-snippet":"max-snippet:-1","max-image-preview":"max-image-preview:large","max-video-preview":"max-video-preview:-1"},"canonical":"https:\/\/dri.unse.edu.ar\/?p=1366","og_locale":"es_ES","og_type":"article","og_title":"Convocatoria de una nueva edici\u00f3n del Premio de Econom\u00eda Rey de Espa\u00f1a - Relaciones Internacionales UNSE","og_description":"El Gobernador del Banco de Espa\u00f1a, Pablo Hern\u00e1dez de Cos, inform\u00f3 sobre la convocatoria de una nueva edici\u00f3n del Premio de Econom\u00eda Rey de Espa\u00f1a, con el objetivo que Argentina presente candidatos.","og_url":"https:\/\/dri.unse.edu.ar\/?p=1366","og_site_name":"Relaciones Internacionales UNSE","article_published_time":"2022-09-13T14:02:32+00:00","article_modified_time":"2025-02-04T17:00:25+00:00","og_image":[{"width":900,"height":600,"url":"https:\/\/dri.unse.edu.ar\/wp-content\/uploads\/2025\/02\/econ-espana-copia.jpg","type":"image\/jpeg"}],"author":"admin","twitter_card":"summary_large_image","twitter_misc":{"Escrito por":"admin","Tiempo de lectura":"2 minutos"},"schema":{"@context":"https:\/\/schema.org","@graph":[{"@type":"Article","@id":"https:\/\/dri.unse.edu.ar\/?p=1366#article","isPartOf":{"@id":"https:\/\/dri.unse.edu.ar\/?p=1366"},"author":{"name":"admin","@id":"https:\/\/dri.unse.edu.ar\/#\/schema\/person\/e88461562537ca530352f979aaf6b274"},"headline":"Convocatoria de una nueva edici\u00f3n del Premio de Econom\u00eda Rey de Espa\u00f1a","datePublished":"2022-09-13T14:02:32+00:00","dateModified":"2025-02-04T17:00:25+00:00","mainEntityOfPage":{"@id":"https:\/\/dri.unse.edu.ar\/?p=1366"},"wordCount":331,"publisher":{"@id":"https:\/\/dri.unse.edu.ar\/#organization"},"image":{"@id":"https:\/\/dri.unse.edu.ar\/?p=1366#primaryimage"},"thumbnailUrl":"https:\/\/dri.unse.edu.ar\/wp-content\/uploads\/2025\/02\/econ-espana-copia.jpg","inLanguage":"es-AR"},{"@type":"WebPage","@id":"https:\/\/dri.unse.edu.ar\/?p=1366","url":"https:\/\/dri.unse.edu.ar\/?p=1366","name":"Convocatoria de una nueva edici\u00f3n del Premio de Econom\u00eda Rey de Espa\u00f1a - Relaciones Internacionales UNSE","isPartOf":{"@id":"https:\/\/dri.unse.edu.ar\/#website"},"primaryImageOfPage":{"@id":"https:\/\/dri.unse.edu.ar\/?p=1366#primaryimage"},"image":{"@id":"https:\/\/dri.unse.edu.ar\/?p=1366#primaryimage"},"thumbnailUrl":"https:\/\/dri.unse.edu.ar\/wp-content\/uploads\/2025\/02\/econ-espana-copia.jpg","datePublished":"2022-09-13T14:02:32+00:00","dateModified":"2025-02-04T17:00:25+00:00","breadcrumb":{"@id":"https:\/\/dri.unse.edu.ar\/?p=1366#breadcrumb"},"inLanguage":"es-AR","potentialAction":[{"@type":"ReadAction","target":["https:\/\/dri.unse.edu.ar\/?p=1366"]}]},{"@type":"ImageObject","inLanguage":"es-AR","@id":"https:\/\/dri.unse.edu.ar\/?p=1366#primaryimage","url":"https:\/\/dri.unse.edu.ar\/wp-content\/uploads\/2025\/02\/econ-espana-copia.jpg","contentUrl":"https:\/\/dri.unse.edu.ar\/wp-content\/uploads\/2025\/02\/econ-espana-copia.jpg","width":900,"height":600},{"@type":"BreadcrumbList","@id":"https:\/\/dri.unse.edu.ar\/?p=1366#breadcrumb","itemListElement":[{"@type":"ListItem","position":1,"name":"Inicio","item":"https:\/\/dri.unse.edu.ar\/"},{"@type":"ListItem","position":2,"name":"Convocatoria de una nueva edici\u00f3n del Premio de Econom\u00eda Rey de Espa\u00f1a"}]},{"@type":"WebSite","@id":"https:\/\/dri.unse.edu.ar\/#website","url":"https:\/\/dri.unse.edu.ar\/","name":"Relaciones Internacionales UNSE","description":"","publisher":{"@id":"https:\/\/dri.unse.edu.ar\/#organization"},"potentialAction":[{"@type":"SearchAction","target":{"@type":"EntryPoint","urlTemplate":"https:\/\/dri.unse.edu.ar\/?s={search_term_string}"},"query-input":{"@type":"PropertyValueSpecification","valueRequired":true,"valueName":"search_term_string"}}],"inLanguage":"es-AR"},{"@type":"Organization","@id":"https:\/\/dri.unse.edu.ar\/#organization","name":"Universidad Nacional de Santiago del Estero","url":"https:\/\/dri.unse.edu.ar\/","logo":{"@type":"ImageObject","inLanguage":"es-AR","@id":"https:\/\/dri.unse.edu.ar\/#\/schema\/logo\/image\/","url":"https:\/\/dri.unse.edu.ar\/wp-content\/uploads\/2019\/03\/logo-3.png","contentUrl":"https:\/\/dri.unse.edu.ar\/wp-content\/uploads\/2019\/03\/logo-3.png","width":816,"height":882,"caption":"Universidad Nacional de Santiago del Estero"},"image":{"@id":"https:\/\/dri.unse.edu.ar\/#\/schema\/logo\/image\/"}},{"@type":"Person","@id":"https:\/\/dri.unse.edu.ar\/#\/schema\/person\/e88461562537ca530352f979aaf6b274","name":"admin","image":{"@type":"ImageObject","inLanguage":"es-AR","@id":"https:\/\/dri.unse.edu.ar\/#\/schema\/person\/image\/","url":"https:\/\/secure.gravatar.com\/avatar\/53147b1af535a81fd92a2bd6d97fb9b9?s=96&d=mm&r=g","contentUrl":"https:\/\/secure.gravatar.com\/avatar\/53147b1af535a81fd92a2bd6d97fb9b9?s=96&d=mm&r=g","caption":"admin"}}]}},"_links":{"self":[{"href":"https:\/\/dri.unse.edu.ar\/index.php?rest_route=\/wp\/v2\/posts\/1366"}],"collection":[{"href":"https:\/\/dri.unse.edu.ar\/index.php?rest_route=\/wp\/v2\/posts"}],"about":[{"href":"https:\/\/dri.unse.edu.ar\/index.php?rest_route=\/wp\/v2\/types\/post"}],"author":[{"embeddable":true,"href":"https:\/\/dri.unse.edu.ar\/index.php?rest_route=\/wp\/v2\/users\/1"}],"replies":[{"embeddable":true,"href":"https:\/\/dri.unse.edu.ar\/index.php?rest_route=%2Fwp%2Fv2%2Fcomments&post=1366"}],"version-history":[{"count":6,"href":"https:\/\/dri.unse.edu.ar\/index.php?rest_route=\/wp\/v2\/posts\/1366\/revisions"}],"predecessor-version":[{"id":2041,"href":"https:\/\/dri.unse.edu.ar\/index.php?rest_route=\/wp\/v2\/posts\/1366\/revisions\/2041"}],"wp:featuredmedia":[{"embeddable":true,"href":"https:\/\/dri.unse.edu.ar\/index.php?rest_route=\/wp\/v2\/media\/2039"}],"wp:attachment":[{"href":"https:\/\/dri.unse.edu.ar\/index.php?rest_route=%2Fwp%2Fv2%2Fmedia&parent=1366"}],"wp:term":[{"taxonomy":"category","embeddable":true,"href":"https:\/\/dri.unse.edu.ar\/index.php?rest_route=%2Fwp%2Fv2%2Fcategories&post=1366"},{"taxonomy":"post_tag","embeddable":true,"href":"https:\/\/dri.unse.edu.ar\/index.php?rest_route=%2Fwp%2Fv2%2Ftags&post=1366"}],"curies":[{"name":"wp","href":"https:\/\/api.w.org\/{rel}","templated":true}]}}