{"id":1174,"date":"2022-03-28T14:24:00","date_gmt":"2022-03-28T17:24:00","guid":{"rendered":"https:\/\/unsedri.com\/?p=1174"},"modified":"2025-02-04T14:09:24","modified_gmt":"2025-02-04T17:09:24","slug":"participacion-en-reunion-informativa-del-programa-de-formacion-y-certificacion-en-lenguas-extranjeras-para-becarios-progresar-y-becas-manuel-belgrano","status":"publish","type":"post","link":"https:\/\/dri.unse.edu.ar\/?p=1174","title":{"rendered":"Participaci\u00f3n en reuni\u00f3n informativa del Programa de formaci\u00f3n y certificaci\u00f3n en lenguas extranjeras para becarios PROGRESAR y Becas Manuel Belgrano"},"content":{"rendered":"<h2><\/h2>\n<h4>Participaci\u00f3n en reuni\u00f3n informativa del Programa de formaci\u00f3n y certificaci\u00f3n en lenguas extranjeras para becarios PROGRESAR y Becas Manuel Belgrano<\/h4>\n<p>La Sra. Vicerrectora de la UNSE, Lic. <b>Hilda Marcela Ju\u00e1rez<\/b>, junto con la Direcci\u00f3n Gral. de Relaciones Internacionales, Sec. VyTT. de la UNSE participaron de la reuni\u00f3n informativa para la puesta en marcha del Programa de formaci\u00f3n y certificaci\u00f3n en lenguas extranjeras para becarios <b>PROGRESAR<\/b> y <b>Becas Manuel Belgrano<\/b>, organizada por la Secretar\u00eda de Pol\u00edticas Universitarias del Ministerio de Educaci\u00f3n de la Naci\u00f3n.<\/p>\n<p>Entre los objetivos principales del programa se encuentran el fortalecimiento de las trayectorias acad\u00e9micas de los becarios, incrementar sus competencias ling\u00fc\u00edsticas e internacionales, federalizar y democratizar el acceso a diversas oportunidades relativas al empleo, oportunidades internacionales y carrera acad\u00e9mica y profesional.<\/p>\n<p>Asimismo, como parte importante del Programa est\u00e1 tambi\u00e9n la posibilidad de certificar las competencias ling\u00fc\u00edsticas de los becarios.<\/p>\n<p>La reuni\u00f3n fue presidida por el secretario de la SPU, CPN Oscar Alpa y cont\u00f3 con la presencia de alrededor de 70 representantes de Instituciones de Educaci\u00f3n Superior, la Coordinaci\u00f3n del Programa de Internacionalizaci\u00f3n de la Educaci\u00f3n Superior y Cooperaci\u00f3n Internacional- PIESCI-\u00a0\u00a0 y diversos asesores entre otros.<\/p>\n<p>La Sra. Vicerrectora abri\u00f3 el debate en referencia a la implementaci\u00f3n del Programa en nuestra Instituci\u00f3n y la organizaci\u00f3n de los cursos requeridos, as\u00ed como la viabilidad de los cupos de acuerdo a la estructura de cada instituci\u00f3n.<br \/>\nPor el momento se acord\u00f3 trabajar en la formulaci\u00f3n de los proyectos los cuales deber\u00e1n ser aprobados para obtener el beneficio.<\/p>\n<p>Se estima que el lanzamiento del Programa ser\u00e1 a entre los meses de abril y mayo.<\/p>\n<p><img loading=\"lazy\" decoding=\"async\" src=\"https:\/\/dri.unse.edu.ar\/wp-content\/uploads\/2022\/03\/lenguas-extranjeras-progresar-768x435.jpg\" sizes=\"(max-width: 640px) 100vw, 640px\" srcset=\"https:\/\/dri.unse.edu.ar\/wp-content\/uploads\/2022\/03\/lenguas-extranjeras-progresar-768x435.jpg 768w, https:\/\/dri.unse.edu.ar\/wp-content\/uploads\/2022\/03\/lenguas-extranjeras-progresar-300x170.jpg 300w, https:\/\/dri.unse.edu.ar\/wp-content\/uploads\/2022\/03\/lenguas-extranjeras-progresar-1024x580.jpg 1024w, https:\/\/unsedri.com\/wp-content\/uploads\/2022\/03\/lenguas-extranjeras-progresar.jpg 1201w\" alt=\"\" width=\"640\" height=\"363\" \/><\/p>\n","protected":false},"excerpt":{"rendered":"<p>La Sra. Vicerrectora de la UNSE, Lic. Hilda Marcela Ju\u00e1rez, junto con la Direcci\u00f3n Gral. de Relaciones Internacionales, Sec. VyTT. de la UNSE participaron de la reuni\u00f3n informativa para la puesta en marcha del Programa de formaci\u00f3n y certificaci\u00f3n en lenguas extranjeras para becarios PROGRESAR y Becas Manuel Belgrano, organizada por la Secretar\u00eda de Pol\u00edticas Universitarias del Ministerio de Educaci\u00f3n de la Naci\u00f3n. <\/p>\n","protected":false},"author":1,"featured_media":1175,"comment_status":"open","ping_status":"open","sticky":false,"template":"","format":"standard","meta":{"_et_pb_use_builder":"","_et_pb_old_content":"","_et_gb_content_width":"","footnotes":""},"categories":[1],"tags":[],"class_list":["post-1174","post","type-post","status-publish","format-standard","has-post-thumbnail","hentry","category-sin-categoria"],"yoast_head":"<!-- This site is optimized with the Yoast SEO plugin v23.7 - https:\/\/yoast.com\/wordpress\/plugins\/seo\/ -->\n<title>Participaci\u00f3n en reuni\u00f3n informativa del Programa de formaci\u00f3n y certificaci\u00f3n en lenguas extranjeras para becarios PROGRESAR y Becas Manuel Belgrano - Relaciones Internacionales UNSE<\/title>\n<meta name=\"robots\" content=\"index, follow, max-snippet:-1, max-image-preview:large, max-video-preview:-1\" \/>\n<link rel=\"canonical\" href=\"https:\/\/dri.unse.edu.ar\/?p=1174\" \/>\n<meta property=\"og:locale\" content=\"es_ES\" \/>\n<meta property=\"og:type\" content=\"article\" \/>\n<meta property=\"og:title\" content=\"Participaci\u00f3n en reuni\u00f3n informativa del Programa de formaci\u00f3n y certificaci\u00f3n en lenguas extranjeras para becarios PROGRESAR y Becas Manuel Belgrano - Relaciones Internacionales UNSE\" \/>\n<meta property=\"og:description\" content=\"La Sra. Vicerrectora de la UNSE, Lic. Hilda Marcela Ju\u00e1rez, junto con la Direcci\u00f3n Gral. de Relaciones Internacionales, Sec. VyTT. de la UNSE participaron de la reuni\u00f3n informativa para la puesta en marcha del Programa de formaci\u00f3n y certificaci\u00f3n en lenguas extranjeras para becarios PROGRESAR y Becas Manuel Belgrano, organizada por la Secretar\u00eda de Pol\u00edticas Universitarias del Ministerio de Educaci\u00f3n de la Naci\u00f3n.\" \/>\n<meta property=\"og:url\" content=\"https:\/\/dri.unse.edu.ar\/?p=1174\" \/>\n<meta property=\"og:site_name\" content=\"Relaciones Internacionales UNSE\" \/>\n<meta property=\"article:published_time\" content=\"2022-03-28T17:24:00+00:00\" \/>\n<meta property=\"article:modified_time\" content=\"2025-02-04T17:09:24+00:00\" \/>\n<meta property=\"og:image\" content=\"https:\/\/dri.unse.edu.ar\/wp-content\/uploads\/2022\/03\/zoom-20220322-vice.jpg\" \/>\n\t<meta property=\"og:image:width\" content=\"1200\" \/>\n\t<meta property=\"og:image:height\" content=\"800\" \/>\n\t<meta property=\"og:image:type\" content=\"image\/jpeg\" \/>\n<meta name=\"author\" content=\"admin\" \/>\n<meta name=\"twitter:card\" content=\"summary_large_image\" \/>\n<meta name=\"twitter:label1\" content=\"Escrito por\" \/>\n\t<meta name=\"twitter:data1\" content=\"admin\" \/>\n\t<meta name=\"twitter:label2\" content=\"Tiempo de lectura\" \/>\n\t<meta name=\"twitter:data2\" content=\"2 minutos\" \/>\n<script type=\"application\/ld+json\" class=\"yoast-schema-graph\">{\"@context\":\"https:\/\/schema.org\",\"@graph\":[{\"@type\":\"Article\",\"@id\":\"https:\/\/dri.unse.edu.ar\/?p=1174#article\",\"isPartOf\":{\"@id\":\"https:\/\/dri.unse.edu.ar\/?p=1174\"},\"author\":{\"name\":\"admin\",\"@id\":\"https:\/\/dri.unse.edu.ar\/#\/schema\/person\/e88461562537ca530352f979aaf6b274\"},\"headline\":\"Participaci\u00f3n en reuni\u00f3n informativa del Programa de formaci\u00f3n y certificaci\u00f3n en lenguas extranjeras para becarios PROGRESAR y Becas Manuel Belgrano\",\"datePublished\":\"2022-03-28T17:24:00+00:00\",\"dateModified\":\"2025-02-04T17:09:24+00:00\",\"mainEntityOfPage\":{\"@id\":\"https:\/\/dri.unse.edu.ar\/?p=1174\"},\"wordCount\":317,\"commentCount\":0,\"publisher\":{\"@id\":\"https:\/\/dri.unse.edu.ar\/#organization\"},\"image\":{\"@id\":\"https:\/\/dri.unse.edu.ar\/?p=1174#primaryimage\"},\"thumbnailUrl\":\"https:\/\/dri.unse.edu.ar\/wp-content\/uploads\/2022\/03\/zoom-20220322-vice.jpg\",\"inLanguage\":\"es-AR\",\"potentialAction\":[{\"@type\":\"CommentAction\",\"name\":\"Comment\",\"target\":[\"https:\/\/dri.unse.edu.ar\/?p=1174#respond\"]}]},{\"@type\":\"WebPage\",\"@id\":\"https:\/\/dri.unse.edu.ar\/?p=1174\",\"url\":\"https:\/\/dri.unse.edu.ar\/?p=1174\",\"name\":\"Participaci\u00f3n en reuni\u00f3n informativa del Programa de formaci\u00f3n y certificaci\u00f3n en lenguas extranjeras para becarios PROGRESAR y Becas Manuel Belgrano - Relaciones Internacionales UNSE\",\"isPartOf\":{\"@id\":\"https:\/\/dri.unse.edu.ar\/#website\"},\"primaryImageOfPage\":{\"@id\":\"https:\/\/dri.unse.edu.ar\/?p=1174#primaryimage\"},\"image\":{\"@id\":\"https:\/\/dri.unse.edu.ar\/?p=1174#primaryimage\"},\"thumbnailUrl\":\"https:\/\/dri.unse.edu.ar\/wp-content\/uploads\/2022\/03\/zoom-20220322-vice.jpg\",\"datePublished\":\"2022-03-28T17:24:00+00:00\",\"dateModified\":\"2025-02-04T17:09:24+00:00\",\"breadcrumb\":{\"@id\":\"https:\/\/dri.unse.edu.ar\/?p=1174#breadcrumb\"},\"inLanguage\":\"es-AR\",\"potentialAction\":[{\"@type\":\"ReadAction\",\"target\":[\"https:\/\/dri.unse.edu.ar\/?p=1174\"]}]},{\"@type\":\"ImageObject\",\"inLanguage\":\"es-AR\",\"@id\":\"https:\/\/dri.unse.edu.ar\/?p=1174#primaryimage\",\"url\":\"https:\/\/dri.unse.edu.ar\/wp-content\/uploads\/2022\/03\/zoom-20220322-vice.jpg\",\"contentUrl\":\"https:\/\/dri.unse.edu.ar\/wp-content\/uploads\/2022\/03\/zoom-20220322-vice.jpg\",\"width\":1200,\"height\":800},{\"@type\":\"BreadcrumbList\",\"@id\":\"https:\/\/dri.unse.edu.ar\/?p=1174#breadcrumb\",\"itemListElement\":[{\"@type\":\"ListItem\",\"position\":1,\"name\":\"Inicio\",\"item\":\"https:\/\/dri.unse.edu.ar\/\"},{\"@type\":\"ListItem\",\"position\":2,\"name\":\"Participaci\u00f3n en reuni\u00f3n informativa del Programa de formaci\u00f3n y certificaci\u00f3n en lenguas extranjeras para becarios PROGRESAR y Becas Manuel Belgrano\"}]},{\"@type\":\"WebSite\",\"@id\":\"https:\/\/dri.unse.edu.ar\/#website\",\"url\":\"https:\/\/dri.unse.edu.ar\/\",\"name\":\"Relaciones Internacionales UNSE\",\"description\":\"\",\"publisher\":{\"@id\":\"https:\/\/dri.unse.edu.ar\/#organization\"},\"potentialAction\":[{\"@type\":\"SearchAction\",\"target\":{\"@type\":\"EntryPoint\",\"urlTemplate\":\"https:\/\/dri.unse.edu.ar\/?s={search_term_string}\"},\"query-input\":{\"@type\":\"PropertyValueSpecification\",\"valueRequired\":true,\"valueName\":\"search_term_string\"}}],\"inLanguage\":\"es-AR\"},{\"@type\":\"Organization\",\"@id\":\"https:\/\/dri.unse.edu.ar\/#organization\",\"name\":\"Universidad Nacional de Santiago del Estero\",\"url\":\"https:\/\/dri.unse.edu.ar\/\",\"logo\":{\"@type\":\"ImageObject\",\"inLanguage\":\"es-AR\",\"@id\":\"https:\/\/dri.unse.edu.ar\/#\/schema\/logo\/image\/\",\"url\":\"https:\/\/dri.unse.edu.ar\/wp-content\/uploads\/2019\/03\/logo-3.png\",\"contentUrl\":\"https:\/\/dri.unse.edu.ar\/wp-content\/uploads\/2019\/03\/logo-3.png\",\"width\":816,\"height\":882,\"caption\":\"Universidad Nacional de Santiago del Estero\"},\"image\":{\"@id\":\"https:\/\/dri.unse.edu.ar\/#\/schema\/logo\/image\/\"}},{\"@type\":\"Person\",\"@id\":\"https:\/\/dri.unse.edu.ar\/#\/schema\/person\/e88461562537ca530352f979aaf6b274\",\"name\":\"admin\",\"image\":{\"@type\":\"ImageObject\",\"inLanguage\":\"es-AR\",\"@id\":\"https:\/\/dri.unse.edu.ar\/#\/schema\/person\/image\/\",\"url\":\"https:\/\/secure.gravatar.com\/avatar\/53147b1af535a81fd92a2bd6d97fb9b9?s=96&d=mm&r=g\",\"contentUrl\":\"https:\/\/secure.gravatar.com\/avatar\/53147b1af535a81fd92a2bd6d97fb9b9?s=96&d=mm&r=g\",\"caption\":\"admin\"}}]}<\/script>\n<!-- \/ Yoast SEO plugin. -->","yoast_head_json":{"title":"Participaci\u00f3n en reuni\u00f3n informativa del Programa de formaci\u00f3n y certificaci\u00f3n en lenguas extranjeras para becarios PROGRESAR y Becas Manuel Belgrano - Relaciones Internacionales UNSE","robots":{"index":"index","follow":"follow","max-snippet":"max-snippet:-1","max-image-preview":"max-image-preview:large","max-video-preview":"max-video-preview:-1"},"canonical":"https:\/\/dri.unse.edu.ar\/?p=1174","og_locale":"es_ES","og_type":"article","og_title":"Participaci\u00f3n en reuni\u00f3n informativa del Programa de formaci\u00f3n y certificaci\u00f3n en lenguas extranjeras para becarios PROGRESAR y Becas Manuel Belgrano - Relaciones Internacionales UNSE","og_description":"La Sra. Vicerrectora de la UNSE, Lic. Hilda Marcela Ju\u00e1rez, junto con la Direcci\u00f3n Gral. de Relaciones Internacionales, Sec. VyTT. de la UNSE participaron de la reuni\u00f3n informativa para la puesta en marcha del Programa de formaci\u00f3n y certificaci\u00f3n en lenguas extranjeras para becarios PROGRESAR y Becas Manuel Belgrano, organizada por la Secretar\u00eda de Pol\u00edticas Universitarias del Ministerio de Educaci\u00f3n de la Naci\u00f3n.","og_url":"https:\/\/dri.unse.edu.ar\/?p=1174","og_site_name":"Relaciones Internacionales UNSE","article_published_time":"2022-03-28T17:24:00+00:00","article_modified_time":"2025-02-04T17:09:24+00:00","og_image":[{"width":1200,"height":800,"url":"https:\/\/dri.unse.edu.ar\/wp-content\/uploads\/2022\/03\/zoom-20220322-vice.jpg","type":"image\/jpeg"}],"author":"admin","twitter_card":"summary_large_image","twitter_misc":{"Escrito por":"admin","Tiempo de lectura":"2 minutos"},"schema":{"@context":"https:\/\/schema.org","@graph":[{"@type":"Article","@id":"https:\/\/dri.unse.edu.ar\/?p=1174#article","isPartOf":{"@id":"https:\/\/dri.unse.edu.ar\/?p=1174"},"author":{"name":"admin","@id":"https:\/\/dri.unse.edu.ar\/#\/schema\/person\/e88461562537ca530352f979aaf6b274"},"headline":"Participaci\u00f3n en reuni\u00f3n informativa del Programa de formaci\u00f3n y certificaci\u00f3n en lenguas extranjeras para becarios PROGRESAR y Becas Manuel Belgrano","datePublished":"2022-03-28T17:24:00+00:00","dateModified":"2025-02-04T17:09:24+00:00","mainEntityOfPage":{"@id":"https:\/\/dri.unse.edu.ar\/?p=1174"},"wordCount":317,"commentCount":0,"publisher":{"@id":"https:\/\/dri.unse.edu.ar\/#organization"},"image":{"@id":"https:\/\/dri.unse.edu.ar\/?p=1174#primaryimage"},"thumbnailUrl":"https:\/\/dri.unse.edu.ar\/wp-content\/uploads\/2022\/03\/zoom-20220322-vice.jpg","inLanguage":"es-AR","potentialAction":[{"@type":"CommentAction","name":"Comment","target":["https:\/\/dri.unse.edu.ar\/?p=1174#respond"]}]},{"@type":"WebPage","@id":"https:\/\/dri.unse.edu.ar\/?p=1174","url":"https:\/\/dri.unse.edu.ar\/?p=1174","name":"Participaci\u00f3n en reuni\u00f3n informativa del Programa de formaci\u00f3n y certificaci\u00f3n en lenguas extranjeras para becarios PROGRESAR y Becas Manuel Belgrano - Relaciones Internacionales UNSE","isPartOf":{"@id":"https:\/\/dri.unse.edu.ar\/#website"},"primaryImageOfPage":{"@id":"https:\/\/dri.unse.edu.ar\/?p=1174#primaryimage"},"image":{"@id":"https:\/\/dri.unse.edu.ar\/?p=1174#primaryimage"},"thumbnailUrl":"https:\/\/dri.unse.edu.ar\/wp-content\/uploads\/2022\/03\/zoom-20220322-vice.jpg","datePublished":"2022-03-28T17:24:00+00:00","dateModified":"2025-02-04T17:09:24+00:00","breadcrumb":{"@id":"https:\/\/dri.unse.edu.ar\/?p=1174#breadcrumb"},"inLanguage":"es-AR","potentialAction":[{"@type":"ReadAction","target":["https:\/\/dri.unse.edu.ar\/?p=1174"]}]},{"@type":"ImageObject","inLanguage":"es-AR","@id":"https:\/\/dri.unse.edu.ar\/?p=1174#primaryimage","url":"https:\/\/dri.unse.edu.ar\/wp-content\/uploads\/2022\/03\/zoom-20220322-vice.jpg","contentUrl":"https:\/\/dri.unse.edu.ar\/wp-content\/uploads\/2022\/03\/zoom-20220322-vice.jpg","width":1200,"height":800},{"@type":"BreadcrumbList","@id":"https:\/\/dri.unse.edu.ar\/?p=1174#breadcrumb","itemListElement":[{"@type":"ListItem","position":1,"name":"Inicio","item":"https:\/\/dri.unse.edu.ar\/"},{"@type":"ListItem","position":2,"name":"Participaci\u00f3n en reuni\u00f3n informativa del Programa de formaci\u00f3n y certificaci\u00f3n en lenguas extranjeras para becarios PROGRESAR y Becas Manuel Belgrano"}]},{"@type":"WebSite","@id":"https:\/\/dri.unse.edu.ar\/#website","url":"https:\/\/dri.unse.edu.ar\/","name":"Relaciones Internacionales UNSE","description":"","publisher":{"@id":"https:\/\/dri.unse.edu.ar\/#organization"},"potentialAction":[{"@type":"SearchAction","target":{"@type":"EntryPoint","urlTemplate":"https:\/\/dri.unse.edu.ar\/?s={search_term_string}"},"query-input":{"@type":"PropertyValueSpecification","valueRequired":true,"valueName":"search_term_string"}}],"inLanguage":"es-AR"},{"@type":"Organization","@id":"https:\/\/dri.unse.edu.ar\/#organization","name":"Universidad Nacional de Santiago del Estero","url":"https:\/\/dri.unse.edu.ar\/","logo":{"@type":"ImageObject","inLanguage":"es-AR","@id":"https:\/\/dri.unse.edu.ar\/#\/schema\/logo\/image\/","url":"https:\/\/dri.unse.edu.ar\/wp-content\/uploads\/2019\/03\/logo-3.png","contentUrl":"https:\/\/dri.unse.edu.ar\/wp-content\/uploads\/2019\/03\/logo-3.png","width":816,"height":882,"caption":"Universidad Nacional de Santiago del Estero"},"image":{"@id":"https:\/\/dri.unse.edu.ar\/#\/schema\/logo\/image\/"}},{"@type":"Person","@id":"https:\/\/dri.unse.edu.ar\/#\/schema\/person\/e88461562537ca530352f979aaf6b274","name":"admin","image":{"@type":"ImageObject","inLanguage":"es-AR","@id":"https:\/\/dri.unse.edu.ar\/#\/schema\/person\/image\/","url":"https:\/\/secure.gravatar.com\/avatar\/53147b1af535a81fd92a2bd6d97fb9b9?s=96&d=mm&r=g","contentUrl":"https:\/\/secure.gravatar.com\/avatar\/53147b1af535a81fd92a2bd6d97fb9b9?s=96&d=mm&r=g","caption":"admin"}}]}},"_links":{"self":[{"href":"https:\/\/dri.unse.edu.ar\/index.php?rest_route=\/wp\/v2\/posts\/1174"}],"collection":[{"href":"https:\/\/dri.unse.edu.ar\/index.php?rest_route=\/wp\/v2\/posts"}],"about":[{"href":"https:\/\/dri.unse.edu.ar\/index.php?rest_route=\/wp\/v2\/types\/post"}],"author":[{"embeddable":true,"href":"https:\/\/dri.unse.edu.ar\/index.php?rest_route=\/wp\/v2\/users\/1"}],"replies":[{"embeddable":true,"href":"https:\/\/dri.unse.edu.ar\/index.php?rest_route=%2Fwp%2Fv2%2Fcomments&post=1174"}],"version-history":[{"count":9,"href":"https:\/\/dri.unse.edu.ar\/index.php?rest_route=\/wp\/v2\/posts\/1174\/revisions"}],"predecessor-version":[{"id":2054,"href":"https:\/\/dri.unse.edu.ar\/index.php?rest_route=\/wp\/v2\/posts\/1174\/revisions\/2054"}],"wp:featuredmedia":[{"embeddable":true,"href":"https:\/\/dri.unse.edu.ar\/index.php?rest_route=\/wp\/v2\/media\/1175"}],"wp:attachment":[{"href":"https:\/\/dri.unse.edu.ar\/index.php?rest_route=%2Fwp%2Fv2%2Fmedia&parent=1174"}],"wp:term":[{"taxonomy":"category","embeddable":true,"href":"https:\/\/dri.unse.edu.ar\/index.php?rest_route=%2Fwp%2Fv2%2Fcategories&post=1174"},{"taxonomy":"post_tag","embeddable":true,"href":"https:\/\/dri.unse.edu.ar\/index.php?rest_route=%2Fwp%2Fv2%2Ftags&post=1174"}],"curies":[{"name":"wp","href":"https:\/\/api.w.org\/{rel}","templated":true}]}}