{"id":1131,"date":"2022-03-18T15:28:30","date_gmt":"2022-03-18T18:28:30","guid":{"rendered":"https:\/\/unsedri.com\/?p=1131"},"modified":"2025-02-04T14:12:56","modified_gmt":"2025-02-04T17:12:56","slug":"primera-jornada-jornada-de-internacionalizacion-del-curriculo-organizada-por-red-riuc","status":"publish","type":"post","link":"https:\/\/dri.unse.edu.ar\/?p=1131","title":{"rendered":"Primera jornada jornada de internacionalizaci\u00f3n del Curr\u00edculo organizada por Red RIUC"},"content":{"rendered":"<h2><\/h2>\n<h4>Primera jornada de internacionalizaci\u00f3n del Curr\u00edculo organizada por Red RIUC<\/h4>\n<p>El 30 de marzo se llevar\u00e1 a cabo de manera virtual la Primera jornada de internacionalizaci\u00f3n del Curr\u00edculo, a trav\u00e9s del canal de YouTube de la Red de Internacionalizaci\u00f3n del Curr\u00edculo (Red RIUC).<\/p>\n<p>El evento ser\u00e1 a las 10:00 am (Colombia), <b>12:00 pm (Argentina) <\/b>y podr\u00e1n asistir entrando en el siguiente enlace <a href=\"https:\/\/www.youtube.com\/watch?v=cA5Q1szoB1I\" target=\"_blank\" rel=\"noopener noreferrer\">https:\/\/www.youtube.com\/watch?v=cA5Q1szoB1I<\/a><\/p>\n<p><iframe loading=\"lazy\" title=\"Primer Jornada de Internacionalizaci\u00f3n del Curr\u00edculo RED RIUC\" width=\"1080\" height=\"608\" src=\"https:\/\/www.youtube.com\/embed\/cA5Q1szoB1I?feature=oembed\"  allow=\"accelerometer; autoplay; clipboard-write; encrypted-media; gyroscope; picture-in-picture; web-share\" referrerpolicy=\"strict-origin-when-cross-origin\" allowfullscreen><\/iframe><\/p>\n","protected":false},"excerpt":{"rendered":"<p>El 30 de marzo se llevar\u00e1 a cabo de manera virtual la 1ra jornada de internacionalizaci\u00f3n del Curr\u00edculo, a trav\u00e9s del canal de YouTube de la Red de Internacionalizaci\u00f3n del Curr\u00edculo (Red RIUC)<\/p>\n","protected":false},"author":1,"featured_media":1132,"comment_status":"open","ping_status":"open","sticky":false,"template":"","format":"standard","meta":{"_et_pb_use_builder":"","_et_pb_old_content":"","_et_gb_content_width":"","footnotes":""},"categories":[1],"tags":[],"class_list":["post-1131","post","type-post","status-publish","format-standard","has-post-thumbnail","hentry","category-sin-categoria"],"yoast_head":"<!-- This site is optimized with the Yoast SEO plugin v23.7 - https:\/\/yoast.com\/wordpress\/plugins\/seo\/ -->\n<title>Primera jornada jornada de internacionalizaci\u00f3n del Curr\u00edculo organizada por Red RIUC - Relaciones Internacionales UNSE<\/title>\n<meta name=\"robots\" content=\"index, follow, max-snippet:-1, max-image-preview:large, max-video-preview:-1\" \/>\n<link rel=\"canonical\" href=\"https:\/\/dri.unse.edu.ar\/?p=1131\" \/>\n<meta property=\"og:locale\" content=\"es_ES\" \/>\n<meta property=\"og:type\" content=\"article\" \/>\n<meta property=\"og:title\" content=\"Primera jornada jornada de internacionalizaci\u00f3n del Curr\u00edculo organizada por Red RIUC - Relaciones Internacionales UNSE\" \/>\n<meta property=\"og:description\" content=\"El 30 de marzo se llevar\u00e1 a cabo de manera virtual la 1ra jornada de internacionalizaci\u00f3n del Curr\u00edculo, a trav\u00e9s del canal de YouTube de la Red de Internacionalizaci\u00f3n del Curr\u00edculo (Red RIUC)\" \/>\n<meta property=\"og:url\" content=\"https:\/\/dri.unse.edu.ar\/?p=1131\" \/>\n<meta property=\"og:site_name\" content=\"Relaciones Internacionales UNSE\" \/>\n<meta property=\"article:published_time\" content=\"2022-03-18T18:28:30+00:00\" \/>\n<meta property=\"article:modified_time\" content=\"2025-02-04T17:12:56+00:00\" \/>\n<meta property=\"og:image\" content=\"https:\/\/dri.unse.edu.ar\/wp-content\/uploads\/2022\/03\/red-riuc-30marzo-copia.jpg\" \/>\n\t<meta property=\"og:image:width\" content=\"900\" \/>\n\t<meta property=\"og:image:height\" content=\"600\" \/>\n\t<meta property=\"og:image:type\" content=\"image\/jpeg\" \/>\n<meta name=\"author\" content=\"admin\" \/>\n<meta name=\"twitter:card\" content=\"summary_large_image\" \/>\n<meta name=\"twitter:label1\" content=\"Escrito por\" \/>\n\t<meta name=\"twitter:data1\" content=\"admin\" \/>\n\t<meta name=\"twitter:label2\" content=\"Tiempo de lectura\" \/>\n\t<meta name=\"twitter:data2\" content=\"3 minutos\" \/>\n<script type=\"application\/ld+json\" class=\"yoast-schema-graph\">{\"@context\":\"https:\/\/schema.org\",\"@graph\":[{\"@type\":\"Article\",\"@id\":\"https:\/\/dri.unse.edu.ar\/?p=1131#article\",\"isPartOf\":{\"@id\":\"https:\/\/dri.unse.edu.ar\/?p=1131\"},\"author\":{\"name\":\"admin\",\"@id\":\"https:\/\/dri.unse.edu.ar\/#\/schema\/person\/e88461562537ca530352f979aaf6b274\"},\"headline\":\"Primera jornada jornada de internacionalizaci\u00f3n del Curr\u00edculo organizada por Red RIUC\",\"datePublished\":\"2022-03-18T18:28:30+00:00\",\"dateModified\":\"2025-02-04T17:12:56+00:00\",\"mainEntityOfPage\":{\"@id\":\"https:\/\/dri.unse.edu.ar\/?p=1131\"},\"wordCount\":100,\"commentCount\":0,\"publisher\":{\"@id\":\"https:\/\/dri.unse.edu.ar\/#organization\"},\"image\":{\"@id\":\"https:\/\/dri.unse.edu.ar\/?p=1131#primaryimage\"},\"thumbnailUrl\":\"https:\/\/dri.unse.edu.ar\/wp-content\/uploads\/2022\/03\/red-riuc-30marzo-copia.jpg\",\"inLanguage\":\"es-AR\",\"potentialAction\":[{\"@type\":\"CommentAction\",\"name\":\"Comment\",\"target\":[\"https:\/\/dri.unse.edu.ar\/?p=1131#respond\"]}]},{\"@type\":\"WebPage\",\"@id\":\"https:\/\/dri.unse.edu.ar\/?p=1131\",\"url\":\"https:\/\/dri.unse.edu.ar\/?p=1131\",\"name\":\"Primera jornada jornada de internacionalizaci\u00f3n del Curr\u00edculo organizada por Red RIUC - Relaciones Internacionales UNSE\",\"isPartOf\":{\"@id\":\"https:\/\/dri.unse.edu.ar\/#website\"},\"primaryImageOfPage\":{\"@id\":\"https:\/\/dri.unse.edu.ar\/?p=1131#primaryimage\"},\"image\":{\"@id\":\"https:\/\/dri.unse.edu.ar\/?p=1131#primaryimage\"},\"thumbnailUrl\":\"https:\/\/dri.unse.edu.ar\/wp-content\/uploads\/2022\/03\/red-riuc-30marzo-copia.jpg\",\"datePublished\":\"2022-03-18T18:28:30+00:00\",\"dateModified\":\"2025-02-04T17:12:56+00:00\",\"breadcrumb\":{\"@id\":\"https:\/\/dri.unse.edu.ar\/?p=1131#breadcrumb\"},\"inLanguage\":\"es-AR\",\"potentialAction\":[{\"@type\":\"ReadAction\",\"target\":[\"https:\/\/dri.unse.edu.ar\/?p=1131\"]}]},{\"@type\":\"ImageObject\",\"inLanguage\":\"es-AR\",\"@id\":\"https:\/\/dri.unse.edu.ar\/?p=1131#primaryimage\",\"url\":\"https:\/\/dri.unse.edu.ar\/wp-content\/uploads\/2022\/03\/red-riuc-30marzo-copia.jpg\",\"contentUrl\":\"https:\/\/dri.unse.edu.ar\/wp-content\/uploads\/2022\/03\/red-riuc-30marzo-copia.jpg\",\"width\":900,\"height\":600},{\"@type\":\"BreadcrumbList\",\"@id\":\"https:\/\/dri.unse.edu.ar\/?p=1131#breadcrumb\",\"itemListElement\":[{\"@type\":\"ListItem\",\"position\":1,\"name\":\"Inicio\",\"item\":\"https:\/\/dri.unse.edu.ar\/\"},{\"@type\":\"ListItem\",\"position\":2,\"name\":\"Primera jornada jornada de internacionalizaci\u00f3n del Curr\u00edculo organizada por Red RIUC\"}]},{\"@type\":\"WebSite\",\"@id\":\"https:\/\/dri.unse.edu.ar\/#website\",\"url\":\"https:\/\/dri.unse.edu.ar\/\",\"name\":\"Relaciones Internacionales UNSE\",\"description\":\"\",\"publisher\":{\"@id\":\"https:\/\/dri.unse.edu.ar\/#organization\"},\"potentialAction\":[{\"@type\":\"SearchAction\",\"target\":{\"@type\":\"EntryPoint\",\"urlTemplate\":\"https:\/\/dri.unse.edu.ar\/?s={search_term_string}\"},\"query-input\":{\"@type\":\"PropertyValueSpecification\",\"valueRequired\":true,\"valueName\":\"search_term_string\"}}],\"inLanguage\":\"es-AR\"},{\"@type\":\"Organization\",\"@id\":\"https:\/\/dri.unse.edu.ar\/#organization\",\"name\":\"Universidad Nacional de Santiago del Estero\",\"url\":\"https:\/\/dri.unse.edu.ar\/\",\"logo\":{\"@type\":\"ImageObject\",\"inLanguage\":\"es-AR\",\"@id\":\"https:\/\/dri.unse.edu.ar\/#\/schema\/logo\/image\/\",\"url\":\"https:\/\/dri.unse.edu.ar\/wp-content\/uploads\/2019\/03\/logo-3.png\",\"contentUrl\":\"https:\/\/dri.unse.edu.ar\/wp-content\/uploads\/2019\/03\/logo-3.png\",\"width\":816,\"height\":882,\"caption\":\"Universidad Nacional de Santiago del Estero\"},\"image\":{\"@id\":\"https:\/\/dri.unse.edu.ar\/#\/schema\/logo\/image\/\"}},{\"@type\":\"Person\",\"@id\":\"https:\/\/dri.unse.edu.ar\/#\/schema\/person\/e88461562537ca530352f979aaf6b274\",\"name\":\"admin\",\"image\":{\"@type\":\"ImageObject\",\"inLanguage\":\"es-AR\",\"@id\":\"https:\/\/dri.unse.edu.ar\/#\/schema\/person\/image\/\",\"url\":\"https:\/\/secure.gravatar.com\/avatar\/53147b1af535a81fd92a2bd6d97fb9b9?s=96&d=mm&r=g\",\"contentUrl\":\"https:\/\/secure.gravatar.com\/avatar\/53147b1af535a81fd92a2bd6d97fb9b9?s=96&d=mm&r=g\",\"caption\":\"admin\"}}]}<\/script>\n<!-- \/ Yoast SEO plugin. -->","yoast_head_json":{"title":"Primera jornada jornada de internacionalizaci\u00f3n del Curr\u00edculo organizada por Red RIUC - Relaciones Internacionales UNSE","robots":{"index":"index","follow":"follow","max-snippet":"max-snippet:-1","max-image-preview":"max-image-preview:large","max-video-preview":"max-video-preview:-1"},"canonical":"https:\/\/dri.unse.edu.ar\/?p=1131","og_locale":"es_ES","og_type":"article","og_title":"Primera jornada jornada de internacionalizaci\u00f3n del Curr\u00edculo organizada por Red RIUC - Relaciones Internacionales UNSE","og_description":"El 30 de marzo se llevar\u00e1 a cabo de manera virtual la 1ra jornada de internacionalizaci\u00f3n del Curr\u00edculo, a trav\u00e9s del canal de YouTube de la Red de Internacionalizaci\u00f3n del Curr\u00edculo (Red RIUC)","og_url":"https:\/\/dri.unse.edu.ar\/?p=1131","og_site_name":"Relaciones Internacionales UNSE","article_published_time":"2022-03-18T18:28:30+00:00","article_modified_time":"2025-02-04T17:12:56+00:00","og_image":[{"width":900,"height":600,"url":"https:\/\/dri.unse.edu.ar\/wp-content\/uploads\/2022\/03\/red-riuc-30marzo-copia.jpg","type":"image\/jpeg"}],"author":"admin","twitter_card":"summary_large_image","twitter_misc":{"Escrito por":"admin","Tiempo de lectura":"3 minutos"},"schema":{"@context":"https:\/\/schema.org","@graph":[{"@type":"Article","@id":"https:\/\/dri.unse.edu.ar\/?p=1131#article","isPartOf":{"@id":"https:\/\/dri.unse.edu.ar\/?p=1131"},"author":{"name":"admin","@id":"https:\/\/dri.unse.edu.ar\/#\/schema\/person\/e88461562537ca530352f979aaf6b274"},"headline":"Primera jornada jornada de internacionalizaci\u00f3n del Curr\u00edculo organizada por Red RIUC","datePublished":"2022-03-18T18:28:30+00:00","dateModified":"2025-02-04T17:12:56+00:00","mainEntityOfPage":{"@id":"https:\/\/dri.unse.edu.ar\/?p=1131"},"wordCount":100,"commentCount":0,"publisher":{"@id":"https:\/\/dri.unse.edu.ar\/#organization"},"image":{"@id":"https:\/\/dri.unse.edu.ar\/?p=1131#primaryimage"},"thumbnailUrl":"https:\/\/dri.unse.edu.ar\/wp-content\/uploads\/2022\/03\/red-riuc-30marzo-copia.jpg","inLanguage":"es-AR","potentialAction":[{"@type":"CommentAction","name":"Comment","target":["https:\/\/dri.unse.edu.ar\/?p=1131#respond"]}]},{"@type":"WebPage","@id":"https:\/\/dri.unse.edu.ar\/?p=1131","url":"https:\/\/dri.unse.edu.ar\/?p=1131","name":"Primera jornada jornada de internacionalizaci\u00f3n del Curr\u00edculo organizada por Red RIUC - Relaciones Internacionales UNSE","isPartOf":{"@id":"https:\/\/dri.unse.edu.ar\/#website"},"primaryImageOfPage":{"@id":"https:\/\/dri.unse.edu.ar\/?p=1131#primaryimage"},"image":{"@id":"https:\/\/dri.unse.edu.ar\/?p=1131#primaryimage"},"thumbnailUrl":"https:\/\/dri.unse.edu.ar\/wp-content\/uploads\/2022\/03\/red-riuc-30marzo-copia.jpg","datePublished":"2022-03-18T18:28:30+00:00","dateModified":"2025-02-04T17:12:56+00:00","breadcrumb":{"@id":"https:\/\/dri.unse.edu.ar\/?p=1131#breadcrumb"},"inLanguage":"es-AR","potentialAction":[{"@type":"ReadAction","target":["https:\/\/dri.unse.edu.ar\/?p=1131"]}]},{"@type":"ImageObject","inLanguage":"es-AR","@id":"https:\/\/dri.unse.edu.ar\/?p=1131#primaryimage","url":"https:\/\/dri.unse.edu.ar\/wp-content\/uploads\/2022\/03\/red-riuc-30marzo-copia.jpg","contentUrl":"https:\/\/dri.unse.edu.ar\/wp-content\/uploads\/2022\/03\/red-riuc-30marzo-copia.jpg","width":900,"height":600},{"@type":"BreadcrumbList","@id":"https:\/\/dri.unse.edu.ar\/?p=1131#breadcrumb","itemListElement":[{"@type":"ListItem","position":1,"name":"Inicio","item":"https:\/\/dri.unse.edu.ar\/"},{"@type":"ListItem","position":2,"name":"Primera jornada jornada de internacionalizaci\u00f3n del Curr\u00edculo organizada por Red RIUC"}]},{"@type":"WebSite","@id":"https:\/\/dri.unse.edu.ar\/#website","url":"https:\/\/dri.unse.edu.ar\/","name":"Relaciones Internacionales UNSE","description":"","publisher":{"@id":"https:\/\/dri.unse.edu.ar\/#organization"},"potentialAction":[{"@type":"SearchAction","target":{"@type":"EntryPoint","urlTemplate":"https:\/\/dri.unse.edu.ar\/?s={search_term_string}"},"query-input":{"@type":"PropertyValueSpecification","valueRequired":true,"valueName":"search_term_string"}}],"inLanguage":"es-AR"},{"@type":"Organization","@id":"https:\/\/dri.unse.edu.ar\/#organization","name":"Universidad Nacional de Santiago del Estero","url":"https:\/\/dri.unse.edu.ar\/","logo":{"@type":"ImageObject","inLanguage":"es-AR","@id":"https:\/\/dri.unse.edu.ar\/#\/schema\/logo\/image\/","url":"https:\/\/dri.unse.edu.ar\/wp-content\/uploads\/2019\/03\/logo-3.png","contentUrl":"https:\/\/dri.unse.edu.ar\/wp-content\/uploads\/2019\/03\/logo-3.png","width":816,"height":882,"caption":"Universidad Nacional de Santiago del Estero"},"image":{"@id":"https:\/\/dri.unse.edu.ar\/#\/schema\/logo\/image\/"}},{"@type":"Person","@id":"https:\/\/dri.unse.edu.ar\/#\/schema\/person\/e88461562537ca530352f979aaf6b274","name":"admin","image":{"@type":"ImageObject","inLanguage":"es-AR","@id":"https:\/\/dri.unse.edu.ar\/#\/schema\/person\/image\/","url":"https:\/\/secure.gravatar.com\/avatar\/53147b1af535a81fd92a2bd6d97fb9b9?s=96&d=mm&r=g","contentUrl":"https:\/\/secure.gravatar.com\/avatar\/53147b1af535a81fd92a2bd6d97fb9b9?s=96&d=mm&r=g","caption":"admin"}}]}},"_links":{"self":[{"href":"https:\/\/dri.unse.edu.ar\/index.php?rest_route=\/wp\/v2\/posts\/1131"}],"collection":[{"href":"https:\/\/dri.unse.edu.ar\/index.php?rest_route=\/wp\/v2\/posts"}],"about":[{"href":"https:\/\/dri.unse.edu.ar\/index.php?rest_route=\/wp\/v2\/types\/post"}],"author":[{"embeddable":true,"href":"https:\/\/dri.unse.edu.ar\/index.php?rest_route=\/wp\/v2\/users\/1"}],"replies":[{"embeddable":true,"href":"https:\/\/dri.unse.edu.ar\/index.php?rest_route=%2Fwp%2Fv2%2Fcomments&post=1131"}],"version-history":[{"count":8,"href":"https:\/\/dri.unse.edu.ar\/index.php?rest_route=\/wp\/v2\/posts\/1131\/revisions"}],"predecessor-version":[{"id":2059,"href":"https:\/\/dri.unse.edu.ar\/index.php?rest_route=\/wp\/v2\/posts\/1131\/revisions\/2059"}],"wp:featuredmedia":[{"embeddable":true,"href":"https:\/\/dri.unse.edu.ar\/index.php?rest_route=\/wp\/v2\/media\/1132"}],"wp:attachment":[{"href":"https:\/\/dri.unse.edu.ar\/index.php?rest_route=%2Fwp%2Fv2%2Fmedia&parent=1131"}],"wp:term":[{"taxonomy":"category","embeddable":true,"href":"https:\/\/dri.unse.edu.ar\/index.php?rest_route=%2Fwp%2Fv2%2Fcategories&post=1131"},{"taxonomy":"post_tag","embeddable":true,"href":"https:\/\/dri.unse.edu.ar\/index.php?rest_route=%2Fwp%2Fv2%2Ftags&post=1131"}],"curies":[{"name":"wp","href":"https:\/\/api.w.org\/{rel}","templated":true}]}}